{"id":17040,"date":"2013-09-18T07:36:54","date_gmt":"2013-09-18T06:36:54","guid":{"rendered":"http:\/\/karin.stampis.com\/blog\/?p=17040"},"modified":"2013-09-17T13:37:07","modified_gmt":"2013-09-17T12:37:07","slug":"host-d","status":"publish","type":"post","link":"http:\/\/karin.stampis.com\/blog\/?p=17040","title":{"rendered":"H\u00f6st :D"},"content":{"rendered":"<p>Ah vad g\u00f6tt jag tycker det \u00e4r att det b\u00f6rjar bli h\u00f6st \ud83d\ude42 . Har v\u00e4ntat l\u00e4nge p\u00e5 det d\u00e5 jag har k\u00e4nt mig r\u00e4tt s\u00e5 f\u00e4rdig med sommaren ganska l\u00e4nge nu. Vilket inte \u00e4r PK att s\u00e4ga i Sverige &#8211; lovprisar man inte sommaren och samtidigt j\u00e4mrar sig \u00f6ver h\u00f6stens int\u00e5g r\u00e4knas man minst sagt som en udda f\u00e5gel :p . Men men, det \u00e4r jag ju :p .Jag \u00e4r verkligen mer av en h\u00f6stm\u00e4nniska \u00e4n en sommarm\u00e4nniska, det blir tydligare och tydligare f\u00f6r varje \u00e5r. Blir bara s\u00e5 glad och relaxad av fina h\u00f6stf\u00e4rger och h\u00f6stluften \ud83d\ude42 . Och s\u00e5 \u00e4r det ju min och Alfreds \u00e5rstid \ud83d\ude42 . Och s\u00e5 kan man ju inte undg\u00e5 att t\u00e4nka p\u00e5 hur det var f\u00f6r ett \u00e5r sedan, d\u00e5 jag gick en hel del mysiga h\u00f6stpromenader och v\u00e4ntade&#8230; Och nu har det g\u00e5tt ett varv &#8211; jag har varit ute och g\u00e5tt med barnvagnen under alla \u00e5rstider, s\u00e5 nu b\u00f6rjar det om p\u00e5 h\u00f6sten igen. H\u00e4r nedan \u00e4r ett foto fr\u00e5n dagen innan Alfred p\u00e5b\u00f6rjade sin l\u00e5nga resa ut (20 oktober 2012):<\/p>\n<p><a href=\"http:\/\/karin.stampis.com\/blog\/wp-content\/uploads\/2013\/09\/IMG_6439.jpg\"><img loading=\"lazy\" decoding=\"async\" class=\"aligncenter size-full wp-image-17044\" alt=\"IMG_6439\" src=\"http:\/\/karin.stampis.com\/blog\/wp-content\/uploads\/2013\/09\/IMG_6439.jpg\" width=\"450\" height=\"600\" srcset=\"http:\/\/karin.stampis.com\/blog\/wp-content\/uploads\/2013\/09\/IMG_6439.jpg 450w, http:\/\/karin.stampis.com\/blog\/wp-content\/uploads\/2013\/09\/IMG_6439-270x360.jpg 270w\" sizes=\"auto, (max-width: 450px) 100vw, 450px\" \/><\/a><\/p>\n<p>En sk\u00f6n sak till med h\u00f6sten \u00e4r att Alfred gillar att \u00e5ka barnvagn igen. Det blev inte s\u00e5 mycket barnvagnspromenader i somras eftersom han verkligen inte gillar sol (och han gillar inte att ha sikten skymd av solskydd heller) och inte \u00e4r s\u00e5 f\u00f6rtjust i v\u00e4rme.<\/p>\n<p>Ok, det var kanske inte riktigt s\u00e5 kallt ig\u00e5r morse att det beh\u00f6vdes en m\u00f6ssa, men tyckte det var b\u00e4st att ha p\u00e5 en m\u00f6ssa \u00e4nd\u00e5. Hans nuf\u00f6rtiden alltid \u00f6verhettade morsa tyckte d\u00e4remot att det fortfarande var f\u00f6r varmt f\u00f6r n\u00e5gon h\u00f6stjacka.<\/p>\n<p><a href=\"http:\/\/karin.stampis.com\/blog\/wp-content\/uploads\/2013\/09\/DSC_1383.jpg\"><img loading=\"lazy\" decoding=\"async\" class=\"aligncenter size-full wp-image-17086\" alt=\"DSC_1383\" src=\"http:\/\/karin.stampis.com\/blog\/wp-content\/uploads\/2013\/09\/DSC_1383.jpg\" width=\"600\" height=\"338\" srcset=\"http:\/\/karin.stampis.com\/blog\/wp-content\/uploads\/2013\/09\/DSC_1383.jpg 600w, http:\/\/karin.stampis.com\/blog\/wp-content\/uploads\/2013\/09\/DSC_1383-360x202.jpg 360w\" sizes=\"auto, (max-width: 600px) 100vw, 600px\" \/><\/a><\/p>\n","protected":false},"excerpt":{"rendered":"<p>Ah vad g\u00f6tt jag tycker det \u00e4r att det b\u00f6rjar bli h\u00f6st \ud83d\ude42 . Har v\u00e4ntat l\u00e4nge p\u00e5 det d\u00e5 jag har k\u00e4nt mig r\u00e4tt s\u00e5 f\u00e4rdig med sommaren ganska l\u00e4nge nu. Vilket inte \u00e4r PK att s\u00e4ga i Sverige &hellip; <a href=\"http:\/\/karin.stampis.com\/blog\/?p=17040\">Continue reading <span class=\"meta-nav\">&rarr;<\/span><\/a><\/p>\n","protected":false},"author":1,"featured_media":0,"comment_status":"open","ping_status":"open","sticky":false,"template":"","format":"standard","meta":{"footnotes":""},"categories":[328,322,351],"tags":[],"class_list":["post-17040","post","type-post","status-publish","format-standard","hentry","category-328","category-alfred","category-september-2013"],"_links":{"self":[{"href":"http:\/\/karin.stampis.com\/blog\/index.php?rest_route=\/wp\/v2\/posts\/17040","targetHints":{"allow":["GET"]}}],"collection":[{"href":"http:\/\/karin.stampis.com\/blog\/index.php?rest_route=\/wp\/v2\/posts"}],"about":[{"href":"http:\/\/karin.stampis.com\/blog\/index.php?rest_route=\/wp\/v2\/types\/post"}],"author":[{"embeddable":true,"href":"http:\/\/karin.stampis.com\/blog\/index.php?rest_route=\/wp\/v2\/users\/1"}],"replies":[{"embeddable":true,"href":"http:\/\/karin.stampis.com\/blog\/index.php?rest_route=%2Fwp%2Fv2%2Fcomments&post=17040"}],"version-history":[{"count":11,"href":"http:\/\/karin.stampis.com\/blog\/index.php?rest_route=\/wp\/v2\/posts\/17040\/revisions"}],"predecessor-version":[{"id":17095,"href":"http:\/\/karin.stampis.com\/blog\/index.php?rest_route=\/wp\/v2\/posts\/17040\/revisions\/17095"}],"wp:attachment":[{"href":"http:\/\/karin.stampis.com\/blog\/index.php?rest_route=%2Fwp%2Fv2%2Fmedia&parent=17040"}],"wp:term":[{"taxonomy":"category","embeddable":true,"href":"http:\/\/karin.stampis.com\/blog\/index.php?rest_route=%2Fwp%2Fv2%2Fcategories&post=17040"},{"taxonomy":"post_tag","embeddable":true,"href":"http:\/\/karin.stampis.com\/blog\/index.php?rest_route=%2Fwp%2Fv2%2Ftags&post=17040"}],"curies":[{"name":"wp","href":"https:\/\/api.w.org\/{rel}","templated":true}]}}