{"id":17047,"date":"2013-09-13T11:56:50","date_gmt":"2013-09-13T10:56:50","guid":{"rendered":"http:\/\/karin.stampis.com\/blog\/?p=17047"},"modified":"2013-09-13T11:56:50","modified_gmt":"2013-09-13T10:56:50","slug":"somnlogik","status":"publish","type":"post","link":"http:\/\/karin.stampis.com\/blog\/?p=17047","title":{"rendered":"S\u00f6mnlogik&#8230;"},"content":{"rendered":"<p>&#8230;finns det ingen.<\/p>\n<p>Just nu nannar Alfred inte s\u00e5 superbra, och vanligtvis sover han precis de tider som jag sover (egentid, vad \u00e4r det :p?) . Men h\u00e4romdagen hade han ett lunchsov och sen somnade han f\u00f6r natten kl 8, och vi kunde f\u00f6r andra g\u00e5ngen sen hans f\u00f6delse se en hel film, wahey! Sen vaknade jag iofs kl 4 dagen efter, s\u00e5 on\u00f6digt (ok, jag fick egentid, men den hade jag kunnat vara f\u00f6rutan d\u00e5 :p) . N\u00e4r vi dagen efter k\u00f6rde p\u00e5 samma koncept s\u00e5 somnade han visst vid halv 8 &#8211; f\u00f6r att senare vakna upp helt manisk vid halv 10 och r\u00f6ja runt till midnatt, huga. Det \u00e4r det gyllene regeln vid barns\u00f6mn &#8211; det som funkar en dag funkar inte en annan :p .<\/p>\n<p style=\"text-align: center;\"><a href=\"http:\/\/karin.stampis.com\/blog\/wp-content\/uploads\/2013\/09\/IMG_9397.jpg\"><img loading=\"lazy\" decoding=\"async\" class=\"aligncenter size-full wp-image-17048\" alt=\"IMG_9397\" src=\"http:\/\/karin.stampis.com\/blog\/wp-content\/uploads\/2013\/09\/IMG_9397.jpg\" width=\"600\" height=\"538\" srcset=\"http:\/\/karin.stampis.com\/blog\/wp-content\/uploads\/2013\/09\/IMG_9397.jpg 600w, http:\/\/karin.stampis.com\/blog\/wp-content\/uploads\/2013\/09\/IMG_9397-360x322.jpg 360w\" sizes=\"auto, (max-width: 600px) 100vw, 600px\" \/><\/a><em>Galen unge som springer runt kring midnatt :p<\/em><\/p>\n<p>&nbsp;<\/p>\n","protected":false},"excerpt":{"rendered":"<p>&#8230;finns det ingen. Just nu nannar Alfred inte s\u00e5 superbra, och vanligtvis sover han precis de tider som jag sover (egentid, vad \u00e4r det :p?) . Men h\u00e4romdagen hade han ett lunchsov och sen somnade han f\u00f6r natten kl 8, &hellip; <a href=\"http:\/\/karin.stampis.com\/blog\/?p=17047\">Continue reading <span class=\"meta-nav\">&rarr;<\/span><\/a><\/p>\n","protected":false},"author":1,"featured_media":0,"comment_status":"open","ping_status":"open","sticky":false,"template":"","format":"standard","meta":{"footnotes":""},"categories":[328,351],"tags":[],"class_list":["post-17047","post","type-post","status-publish","format-standard","hentry","category-328","category-september-2013"],"_links":{"self":[{"href":"http:\/\/karin.stampis.com\/blog\/index.php?rest_route=\/wp\/v2\/posts\/17047","targetHints":{"allow":["GET"]}}],"collection":[{"href":"http:\/\/karin.stampis.com\/blog\/index.php?rest_route=\/wp\/v2\/posts"}],"about":[{"href":"http:\/\/karin.stampis.com\/blog\/index.php?rest_route=\/wp\/v2\/types\/post"}],"author":[{"embeddable":true,"href":"http:\/\/karin.stampis.com\/blog\/index.php?rest_route=\/wp\/v2\/users\/1"}],"replies":[{"embeddable":true,"href":"http:\/\/karin.stampis.com\/blog\/index.php?rest_route=%2Fwp%2Fv2%2Fcomments&post=17047"}],"version-history":[{"count":5,"href":"http:\/\/karin.stampis.com\/blog\/index.php?rest_route=\/wp\/v2\/posts\/17047\/revisions"}],"predecessor-version":[{"id":17053,"href":"http:\/\/karin.stampis.com\/blog\/index.php?rest_route=\/wp\/v2\/posts\/17047\/revisions\/17053"}],"wp:attachment":[{"href":"http:\/\/karin.stampis.com\/blog\/index.php?rest_route=%2Fwp%2Fv2%2Fmedia&parent=17047"}],"wp:term":[{"taxonomy":"category","embeddable":true,"href":"http:\/\/karin.stampis.com\/blog\/index.php?rest_route=%2Fwp%2Fv2%2Fcategories&post=17047"},{"taxonomy":"post_tag","embeddable":true,"href":"http:\/\/karin.stampis.com\/blog\/index.php?rest_route=%2Fwp%2Fv2%2Ftags&post=17047"}],"curies":[{"name":"wp","href":"https:\/\/api.w.org\/{rel}","templated":true}]}}