{"id":17257,"date":"2013-10-02T16:10:58","date_gmt":"2013-10-02T15:10:58","guid":{"rendered":"http:\/\/karin.stampis.com\/blog\/?p=17257"},"modified":"2013-10-02T16:10:58","modified_gmt":"2013-10-02T15:10:58","slug":"typiskt-2","status":"publish","type":"post","link":"http:\/\/karin.stampis.com\/blog\/?p=17257","title":{"rendered":"Typiskt"},"content":{"rendered":"<p>Alfred har skippat hans andra s\u00f6mnomg\u00e5ng, som tidigare inf\u00f6ll p\u00e5 eftermiddagen. Nu tar han sig en lunch-snooze, och thats it tills det \u00e4r dags att sova f\u00f6r natten. Hans mor och far saknar den andra sovstunden :p .<\/p>\n<p>Men iallafall, idag \u00e5teruppstod den andra sovstunden. Precis innan jag skulle ner i tv\u00e4ttstuganoch h\u00e4nga upp bl\u00f6t tv\u00e4tt :p . Jag har bara tv\u00e4ttat p\u00e5 helger p\u00e5 sistone eftersom det \u00e4r s\u00e5 meckigt att tv\u00e4tta d\u00e5 man \u00e4r sj\u00e4lv med Alfred, men nu d\u00e5 den andra sovstunden &#8220;f\u00f6rsvunnit&#8221; s\u00e5 t\u00e4nkte jag att det nog var ok att boka ett tv\u00e4ttpass p\u00e5 en vardag \u00e4nd\u00e5. Undrar hur l\u00e4nge tv\u00e4ttade kl\u00e4der kan ligga bl\u00f6ta i en tv\u00e4ttmaskin innan de b\u00f6rjar lukta?<\/p>\n<p style=\"text-align: center;\"><a href=\"http:\/\/karin.stampis.com\/blog\/wp-content\/uploads\/2013\/10\/DSC_0004.jpg\"><img loading=\"lazy\" decoding=\"async\" class=\"aligncenter size-full wp-image-17258\" alt=\"DSC_0004\" src=\"http:\/\/karin.stampis.com\/blog\/wp-content\/uploads\/2013\/10\/DSC_0004.jpg\" width=\"338\" height=\"600\" srcset=\"http:\/\/karin.stampis.com\/blog\/wp-content\/uploads\/2013\/10\/DSC_0004.jpg 338w, http:\/\/karin.stampis.com\/blog\/wp-content\/uploads\/2013\/10\/DSC_0004-202x360.jpg 202w\" sizes=\"auto, (max-width: 338px) 100vw, 338px\" \/><\/a><em>S\u00e5 kan man ocks\u00e5 ligga i en spj\u00e4ls\u00e4ng<\/em><\/p>\n","protected":false},"excerpt":{"rendered":"<p>Alfred har skippat hans andra s\u00f6mnomg\u00e5ng, som tidigare inf\u00f6ll p\u00e5 eftermiddagen. Nu tar han sig en lunch-snooze, och thats it tills det \u00e4r dags att sova f\u00f6r natten. Hans mor och far saknar den andra sovstunden :p . Men iallafall, &hellip; <a href=\"http:\/\/karin.stampis.com\/blog\/?p=17257\">Continue reading <span class=\"meta-nav\">&rarr;<\/span><\/a><\/p>\n","protected":false},"author":1,"featured_media":0,"comment_status":"open","ping_status":"open","sticky":false,"template":"","format":"standard","meta":{"footnotes":""},"categories":[328,322,352],"tags":[],"class_list":["post-17257","post","type-post","status-publish","format-standard","hentry","category-328","category-alfred","category-oktober-2013"],"_links":{"self":[{"href":"http:\/\/karin.stampis.com\/blog\/index.php?rest_route=\/wp\/v2\/posts\/17257","targetHints":{"allow":["GET"]}}],"collection":[{"href":"http:\/\/karin.stampis.com\/blog\/index.php?rest_route=\/wp\/v2\/posts"}],"about":[{"href":"http:\/\/karin.stampis.com\/blog\/index.php?rest_route=\/wp\/v2\/types\/post"}],"author":[{"embeddable":true,"href":"http:\/\/karin.stampis.com\/blog\/index.php?rest_route=\/wp\/v2\/users\/1"}],"replies":[{"embeddable":true,"href":"http:\/\/karin.stampis.com\/blog\/index.php?rest_route=%2Fwp%2Fv2%2Fcomments&post=17257"}],"version-history":[{"count":7,"href":"http:\/\/karin.stampis.com\/blog\/index.php?rest_route=\/wp\/v2\/posts\/17257\/revisions"}],"predecessor-version":[{"id":17265,"href":"http:\/\/karin.stampis.com\/blog\/index.php?rest_route=\/wp\/v2\/posts\/17257\/revisions\/17265"}],"wp:attachment":[{"href":"http:\/\/karin.stampis.com\/blog\/index.php?rest_route=%2Fwp%2Fv2%2Fmedia&parent=17257"}],"wp:term":[{"taxonomy":"category","embeddable":true,"href":"http:\/\/karin.stampis.com\/blog\/index.php?rest_route=%2Fwp%2Fv2%2Fcategories&post=17257"},{"taxonomy":"post_tag","embeddable":true,"href":"http:\/\/karin.stampis.com\/blog\/index.php?rest_route=%2Fwp%2Fv2%2Ftags&post=17257"}],"curies":[{"name":"wp","href":"https:\/\/api.w.org\/{rel}","templated":true}]}}