{"id":17271,"date":"2013-10-06T09:44:37","date_gmt":"2013-10-06T08:44:37","guid":{"rendered":"http:\/\/karin.stampis.com\/blog\/?p=17271"},"modified":"2013-10-06T09:44:37","modified_gmt":"2013-10-06T08:44:37","slug":"malmo","status":"publish","type":"post","link":"http:\/\/karin.stampis.com\/blog\/?p=17271","title":{"rendered":"Malm\u00f6&#8230;"},"content":{"rendered":"<p>Gillar egentligen Malm\u00f6 &#8211; parkerna, Ribban, alla goda takeaways, det geografiska l\u00e4get, etc., men jag hoppas verkligen vi kommer h\u00e4rifr\u00e5n snart. S\u00e5 mycket dr\u00e4gg i denna stad&#8230; Det m\u00e4rker man bara man l\u00e4ser nyheterna, men \u00e4ven vi har r\u00e5kat p\u00e5 \u00e4ven vi p\u00e5 dr\u00e4gg lite d\u00e5 och d\u00e5, trots att vi inte bor i de v\u00e4rsta stadsdelarna. Vi har sett en del polisbilar och ingripanden\/arresteringar p\u00e5 gatan d\u00e4r vi bor har, och har \u00e4ven sett ett riktigt hotfullt br\u00e5k p\u00e5 gatan d\u00e4r folk skrek att de skulle m\u00f6rda varandra och slogs. P\u00e5 stan \u00e4r det inte helt ovanligt att g\u00e5 f\u00f6rbi mentalsjuka\/p\u00e5t\u00e4nda m\u00e4nniskor skriker konstiga saker \u00e5t allt och ingen. Och jag har tappat r\u00e4kningen p\u00e5 antalet g\u00e5nger det har varit n\u00e4ra att folk k\u00f6rt p\u00e5 en trots det \u00e4r \u00f6verg\u00e5ngsst\u00e4lle och hastighetsbegr\u00e4nsningar.<\/p>\n<p>Det senaste som h\u00e4nde oss var att n\u00e5gon f\u00f6rs\u00f6kt skruva av v\u00e5rt bild\u00e4ck (har bilen i parkeringsgarage). Bilen hade l\u00e5tit konstigt s\u00e5 vi l\u00e4mnade in den till verkstan, och de sa att skruvarna p\u00e5 framhjulet var avdragna, och framhjulet satt fast i en enda skruv. Mekanikerna sa att det var helt uppenbart att n\u00e5gon f\u00f6rs\u00f6kt stj\u00e4la d\u00e4cken. Man blir r\u00e4tt s\u00e5 sk\u00e4rrad d\u00e5 man t\u00e4nker p\u00e5 att hjulet hade kunnat g\u00e5tt av d\u00e5 man k\u00f6rde&#8230;<\/p>\n<p>S\u00e5 jag hoppas bara att vi kommer h\u00e4rifr\u00e5n snart &#8211; vill verkligen inte att Alfred ska v\u00e4xa upp i denna stan. Vill att han ska v\u00e4xa upp p\u00e5 landet eller i en liten ort. Nu verkar det dock som v\u00e5rt husk\u00f6p skiter sig (igen&#8230;), s\u00e5 i s\u00e5 fall f\u00e5r vi ta nya tag. Tredje g\u00e5ngen gillt kanske?<\/p>\n<p><a href=\"http:\/\/karin.stampis.com\/blog\/wp-content\/uploads\/2013\/10\/IMG_1982.jpg\"><img loading=\"lazy\" decoding=\"async\" class=\"aligncenter size-full wp-image-17273\" alt=\"IMG_1982\" src=\"http:\/\/karin.stampis.com\/blog\/wp-content\/uploads\/2013\/10\/IMG_1982.jpg\" width=\"600\" height=\"400\" srcset=\"http:\/\/karin.stampis.com\/blog\/wp-content\/uploads\/2013\/10\/IMG_1982.jpg 600w, http:\/\/karin.stampis.com\/blog\/wp-content\/uploads\/2013\/10\/IMG_1982-360x240.jpg 360w\" sizes=\"auto, (max-width: 600px) 100vw, 600px\" \/><\/a><\/p>\n<p style=\"text-align: center;\"><em>\u00a0Dr\u00f6mmer om ett eget \u00e4ppeltr\u00e4d i tr\u00e4dg\u00e5rden&#8230;<\/em><\/p>\n<p style=\"text-align: center;\"><a href=\"http:\/\/karin.stampis.com\/blog\/wp-content\/uploads\/2013\/10\/IMG_9508.jpg\"><img loading=\"lazy\" decoding=\"async\" class=\"aligncenter size-full wp-image-17277\" alt=\"IMG_9508\" src=\"http:\/\/karin.stampis.com\/blog\/wp-content\/uploads\/2013\/10\/IMG_9508.jpg\" width=\"450\" height=\"600\" srcset=\"http:\/\/karin.stampis.com\/blog\/wp-content\/uploads\/2013\/10\/IMG_9508.jpg 450w, http:\/\/karin.stampis.com\/blog\/wp-content\/uploads\/2013\/10\/IMG_9508-270x360.jpg 270w\" sizes=\"auto, (max-width: 450px) 100vw, 450px\" \/><\/a>&#8230;och att den h\u00e4r pojken &#8211; som har myyyycket spring i benen &#8211; kan springa runt lite friare.<\/p>\n","protected":false},"excerpt":{"rendered":"<p>Gillar egentligen Malm\u00f6 &#8211; parkerna, Ribban, alla goda takeaways, det geografiska l\u00e4get, etc., men jag hoppas verkligen vi kommer h\u00e4rifr\u00e5n snart. S\u00e5 mycket dr\u00e4gg i denna stad&#8230; Det m\u00e4rker man bara man l\u00e4ser nyheterna, men \u00e4ven vi har r\u00e5kat p\u00e5 &hellip; <a href=\"http:\/\/karin.stampis.com\/blog\/?p=17271\">Continue reading <span class=\"meta-nav\">&rarr;<\/span><\/a><\/p>\n","protected":false},"author":1,"featured_media":0,"comment_status":"open","ping_status":"open","sticky":false,"template":"","format":"standard","meta":{"footnotes":""},"categories":[328,352],"tags":[],"class_list":["post-17271","post","type-post","status-publish","format-standard","hentry","category-328","category-oktober-2013"],"_links":{"self":[{"href":"http:\/\/karin.stampis.com\/blog\/index.php?rest_route=\/wp\/v2\/posts\/17271","targetHints":{"allow":["GET"]}}],"collection":[{"href":"http:\/\/karin.stampis.com\/blog\/index.php?rest_route=\/wp\/v2\/posts"}],"about":[{"href":"http:\/\/karin.stampis.com\/blog\/index.php?rest_route=\/wp\/v2\/types\/post"}],"author":[{"embeddable":true,"href":"http:\/\/karin.stampis.com\/blog\/index.php?rest_route=\/wp\/v2\/users\/1"}],"replies":[{"embeddable":true,"href":"http:\/\/karin.stampis.com\/blog\/index.php?rest_route=%2Fwp%2Fv2%2Fcomments&post=17271"}],"version-history":[{"count":10,"href":"http:\/\/karin.stampis.com\/blog\/index.php?rest_route=\/wp\/v2\/posts\/17271\/revisions"}],"predecessor-version":[{"id":17283,"href":"http:\/\/karin.stampis.com\/blog\/index.php?rest_route=\/wp\/v2\/posts\/17271\/revisions\/17283"}],"wp:attachment":[{"href":"http:\/\/karin.stampis.com\/blog\/index.php?rest_route=%2Fwp%2Fv2%2Fmedia&parent=17271"}],"wp:term":[{"taxonomy":"category","embeddable":true,"href":"http:\/\/karin.stampis.com\/blog\/index.php?rest_route=%2Fwp%2Fv2%2Fcategories&post=17271"},{"taxonomy":"post_tag","embeddable":true,"href":"http:\/\/karin.stampis.com\/blog\/index.php?rest_route=%2Fwp%2Fv2%2Ftags&post=17271"}],"curies":[{"name":"wp","href":"https:\/\/api.w.org\/{rel}","templated":true}]}}