{"id":17319,"date":"2013-10-12T19:27:43","date_gmt":"2013-10-12T18:27:43","guid":{"rendered":"http:\/\/karin.stampis.com\/blog\/?p=17319"},"modified":"2013-10-12T19:27:43","modified_gmt":"2013-10-12T18:27:43","slug":"leker-pa-landet","status":"publish","type":"post","link":"http:\/\/karin.stampis.com\/blog\/?p=17319","title":{"rendered":"Leker p\u00e5 landet"},"content":{"rendered":"<p>Alfred \u00e4r p\u00e5 landet och leker p\u00e5 f\u00f6r fullt. Bra med entusiastiska morf\u00f6r\u00e4ldrar d\u00e5 modern \u00e4r lite tr\u00f6tt (och fadern med, men han \u00e4r i Malm\u00f6).<\/p>\n<p><a href=\"http:\/\/karin.stampis.com\/blog\/wp-content\/uploads\/2013\/10\/DSC_1424.jpg\"><img loading=\"lazy\" decoding=\"async\" class=\"aligncenter size-full wp-image-17320\" alt=\"DSC_1424\" src=\"http:\/\/karin.stampis.com\/blog\/wp-content\/uploads\/2013\/10\/DSC_1424.jpg\" width=\"600\" height=\"506\" srcset=\"http:\/\/karin.stampis.com\/blog\/wp-content\/uploads\/2013\/10\/DSC_1424.jpg 600w, http:\/\/karin.stampis.com\/blog\/wp-content\/uploads\/2013\/10\/DSC_1424-360x303.jpg 360w\" sizes=\"auto, (max-width: 600px) 100vw, 600px\" \/><\/a> <a href=\"http:\/\/karin.stampis.com\/blog\/wp-content\/uploads\/2013\/10\/DSC_1439.jpg\"><img loading=\"lazy\" decoding=\"async\" class=\"aligncenter size-large wp-image-17321\" alt=\"DSC_1439\" src=\"http:\/\/karin.stampis.com\/blog\/wp-content\/uploads\/2013\/10\/DSC_1439.jpg\" width=\"573\" height=\"600\" srcset=\"http:\/\/karin.stampis.com\/blog\/wp-content\/uploads\/2013\/10\/DSC_1439.jpg 573w, http:\/\/karin.stampis.com\/blog\/wp-content\/uploads\/2013\/10\/DSC_1439-343x360.jpg 343w\" sizes=\"auto, (max-width: 573px) 100vw, 573px\" \/><\/a><\/p>\n<p><a href=\"http:\/\/karin.stampis.com\/blog\/wp-content\/uploads\/2013\/10\/IMG_9530.jpg\"><img loading=\"lazy\" decoding=\"async\" class=\"aligncenter size-full wp-image-17322\" alt=\"IMG_9530\" src=\"http:\/\/karin.stampis.com\/blog\/wp-content\/uploads\/2013\/10\/IMG_9530.jpg\" width=\"385\" height=\"600\" srcset=\"http:\/\/karin.stampis.com\/blog\/wp-content\/uploads\/2013\/10\/IMG_9530.jpg 385w, http:\/\/karin.stampis.com\/blog\/wp-content\/uploads\/2013\/10\/IMG_9530-231x360.jpg 231w\" sizes=\"auto, (max-width: 385px) 100vw, 385px\" \/><\/a><\/p>\n","protected":false},"excerpt":{"rendered":"<p>Alfred \u00e4r p\u00e5 landet och leker p\u00e5 f\u00f6r fullt. Bra med entusiastiska morf\u00f6r\u00e4ldrar d\u00e5 modern \u00e4r lite tr\u00f6tt (och fadern med, men han \u00e4r i Malm\u00f6).<\/p>\n","protected":false},"author":1,"featured_media":0,"comment_status":"open","ping_status":"open","sticky":false,"template":"","format":"standard","meta":{"footnotes":""},"categories":[328,322,352],"tags":[],"class_list":["post-17319","post","type-post","status-publish","format-standard","hentry","category-328","category-alfred","category-oktober-2013"],"_links":{"self":[{"href":"http:\/\/karin.stampis.com\/blog\/index.php?rest_route=\/wp\/v2\/posts\/17319","targetHints":{"allow":["GET"]}}],"collection":[{"href":"http:\/\/karin.stampis.com\/blog\/index.php?rest_route=\/wp\/v2\/posts"}],"about":[{"href":"http:\/\/karin.stampis.com\/blog\/index.php?rest_route=\/wp\/v2\/types\/post"}],"author":[{"embeddable":true,"href":"http:\/\/karin.stampis.com\/blog\/index.php?rest_route=\/wp\/v2\/users\/1"}],"replies":[{"embeddable":true,"href":"http:\/\/karin.stampis.com\/blog\/index.php?rest_route=%2Fwp%2Fv2%2Fcomments&post=17319"}],"version-history":[{"count":4,"href":"http:\/\/karin.stampis.com\/blog\/index.php?rest_route=\/wp\/v2\/posts\/17319\/revisions"}],"predecessor-version":[{"id":17326,"href":"http:\/\/karin.stampis.com\/blog\/index.php?rest_route=\/wp\/v2\/posts\/17319\/revisions\/17326"}],"wp:attachment":[{"href":"http:\/\/karin.stampis.com\/blog\/index.php?rest_route=%2Fwp%2Fv2%2Fmedia&parent=17319"}],"wp:term":[{"taxonomy":"category","embeddable":true,"href":"http:\/\/karin.stampis.com\/blog\/index.php?rest_route=%2Fwp%2Fv2%2Fcategories&post=17319"},{"taxonomy":"post_tag","embeddable":true,"href":"http:\/\/karin.stampis.com\/blog\/index.php?rest_route=%2Fwp%2Fv2%2Ftags&post=17319"}],"curies":[{"name":"wp","href":"https:\/\/api.w.org\/{rel}","templated":true}]}}