{"id":17338,"date":"2013-10-14T07:32:02","date_gmt":"2013-10-14T06:32:02","guid":{"rendered":"http:\/\/karin.stampis.com\/blog\/?p=17338"},"modified":"2013-10-13T21:32:45","modified_gmt":"2013-10-13T20:32:45","slug":"alfred-och-morfar-tittar-pa-tv","status":"publish","type":"post","link":"http:\/\/karin.stampis.com\/blog\/?p=17338","title":{"rendered":"Alfred och morfar tittar p\u00e5 TV"},"content":{"rendered":"<p>P\u00e5 kv\u00e4llen blir Den vilda bebin lite lugnare. D\u00e5 kan han sitta i morfars kn\u00e4 och glo p\u00e5 TV.<\/p>\n<p><a href=\"http:\/\/karin.stampis.com\/blog\/wp-content\/uploads\/2013\/10\/DSC_1458.jpg\"><img loading=\"lazy\" decoding=\"async\" class=\"aligncenter size-full wp-image-17339\" alt=\"DSC_1458\" src=\"http:\/\/karin.stampis.com\/blog\/wp-content\/uploads\/2013\/10\/DSC_1458.jpg\" width=\"338\" height=\"600\" srcset=\"http:\/\/karin.stampis.com\/blog\/wp-content\/uploads\/2013\/10\/DSC_1458.jpg 338w, http:\/\/karin.stampis.com\/blog\/wp-content\/uploads\/2013\/10\/DSC_1458-202x360.jpg 202w\" sizes=\"auto, (max-width: 338px) 100vw, 338px\" \/><\/a><\/p>\n<p>Se d\u00e4r, en g\u00e4spning! Alfred har b\u00f6rjat att f\u00e5 insomningsrutiner &#8211; p\u00e5 sistone har vi lyckats f\u00e5 honom att somna f\u00f6r natten runt 8-9-tiden de flesta dagar, UNDERBART! Slutligen lite egentid f\u00f6r mig. N\u00e4sta mission \u00e4r att f\u00e5 honom att\u00a0sluta amma stup i kvarten under natten (detta \u00e4r anledningen till atts tr\u00f6tthet jag \u00e4r s\u00e5 jefla seg nu).<\/p>\n<p><a href=\"http:\/\/karin.stampis.com\/blog\/wp-content\/uploads\/2013\/10\/DSC_1459.jpg\"><img loading=\"lazy\" decoding=\"async\" class=\"aligncenter size-full wp-image-17340\" alt=\"DSC_1459\" src=\"http:\/\/karin.stampis.com\/blog\/wp-content\/uploads\/2013\/10\/DSC_1459.jpg\" width=\"338\" height=\"600\" srcset=\"http:\/\/karin.stampis.com\/blog\/wp-content\/uploads\/2013\/10\/DSC_1459.jpg 338w, http:\/\/karin.stampis.com\/blog\/wp-content\/uploads\/2013\/10\/DSC_1459-202x360.jpg 202w\" sizes=\"auto, (max-width: 338px) 100vw, 338px\" \/><\/a><\/p>\n","protected":false},"excerpt":{"rendered":"<p>P\u00e5 kv\u00e4llen blir Den vilda bebin lite lugnare. D\u00e5 kan han sitta i morfars kn\u00e4 och glo p\u00e5 TV. Se d\u00e4r, en g\u00e4spning! Alfred har b\u00f6rjat att f\u00e5 insomningsrutiner &#8211; p\u00e5 sistone har vi lyckats f\u00e5 honom att somna f\u00f6r &hellip; <a href=\"http:\/\/karin.stampis.com\/blog\/?p=17338\">Continue reading <span class=\"meta-nav\">&rarr;<\/span><\/a><\/p>\n","protected":false},"author":1,"featured_media":0,"comment_status":"open","ping_status":"open","sticky":false,"template":"","format":"standard","meta":{"footnotes":""},"categories":[328,322,352],"tags":[],"class_list":["post-17338","post","type-post","status-publish","format-standard","hentry","category-328","category-alfred","category-oktober-2013"],"_links":{"self":[{"href":"http:\/\/karin.stampis.com\/blog\/index.php?rest_route=\/wp\/v2\/posts\/17338","targetHints":{"allow":["GET"]}}],"collection":[{"href":"http:\/\/karin.stampis.com\/blog\/index.php?rest_route=\/wp\/v2\/posts"}],"about":[{"href":"http:\/\/karin.stampis.com\/blog\/index.php?rest_route=\/wp\/v2\/types\/post"}],"author":[{"embeddable":true,"href":"http:\/\/karin.stampis.com\/blog\/index.php?rest_route=\/wp\/v2\/users\/1"}],"replies":[{"embeddable":true,"href":"http:\/\/karin.stampis.com\/blog\/index.php?rest_route=%2Fwp%2Fv2%2Fcomments&post=17338"}],"version-history":[{"count":5,"href":"http:\/\/karin.stampis.com\/blog\/index.php?rest_route=\/wp\/v2\/posts\/17338\/revisions"}],"predecessor-version":[{"id":17345,"href":"http:\/\/karin.stampis.com\/blog\/index.php?rest_route=\/wp\/v2\/posts\/17338\/revisions\/17345"}],"wp:attachment":[{"href":"http:\/\/karin.stampis.com\/blog\/index.php?rest_route=%2Fwp%2Fv2%2Fmedia&parent=17338"}],"wp:term":[{"taxonomy":"category","embeddable":true,"href":"http:\/\/karin.stampis.com\/blog\/index.php?rest_route=%2Fwp%2Fv2%2Fcategories&post=17338"},{"taxonomy":"post_tag","embeddable":true,"href":"http:\/\/karin.stampis.com\/blog\/index.php?rest_route=%2Fwp%2Fv2%2Ftags&post=17338"}],"curies":[{"name":"wp","href":"https:\/\/api.w.org\/{rel}","templated":true}]}}