{"id":17380,"date":"2013-10-23T06:52:25","date_gmt":"2013-10-23T05:52:25","guid":{"rendered":"http:\/\/karin.stampis.com\/blog\/?p=17380"},"modified":"2013-10-22T19:52:37","modified_gmt":"2013-10-22T18:52:37","slug":"alfred-1-ar-2","status":"publish","type":"post","link":"http:\/\/karin.stampis.com\/blog\/?p=17380","title":{"rendered":"Alfred 1 \u00e5r"},"content":{"rendered":"<p style=\"text-align: center;\">Grattis Alfred p\u00e5 din f\u00f6rsta f\u00f6delsedag \ud83d\ude00<\/p>\n<p><a href=\"http:\/\/karin.stampis.com\/blog\/wp-content\/uploads\/2013\/10\/DSC_14711.jpg\"><img loading=\"lazy\" decoding=\"async\" class=\"aligncenter size-full wp-image-17381\" alt=\"DSC_1471\" src=\"http:\/\/karin.stampis.com\/blog\/wp-content\/uploads\/2013\/10\/DSC_14711.jpg\" width=\"600\" height=\"338\" srcset=\"http:\/\/karin.stampis.com\/blog\/wp-content\/uploads\/2013\/10\/DSC_14711.jpg 600w, http:\/\/karin.stampis.com\/blog\/wp-content\/uploads\/2013\/10\/DSC_14711-360x202.jpg 360w\" sizes=\"auto, (max-width: 600px) 100vw, 600px\" \/><\/a><\/p>\n<p>D\u00e5 var det f\u00f6rsta h\u00e4ndelserika \u00e5ret slut! Huga vad mycket som har h\u00e4nt. Tycker det \u00e4r kul att Alfred blir st\u00f6rre, man f\u00e5r mer kontakt och han f\u00f6rst\u00e5r mer. Jag saknar inte bebistiden, f\u00f6rutom tv\u00e5 saker (som \u00e4r rent egoistiska \ud83d\ude09 !) : 1) att man kunde g\u00e5 l\u00e5\u00e5\u00e5nga promenader med sovande bebis i vagnen (det \u00e4r v\u00e4ldigt s\u00e4llan nuf\u00f6rtiden som han vill sitta lugnt i vagnen) 2) att man kunde chilla lite mer d\u00e5 man var hemma p\u00e5 dagarna (nu m\u00e5ste man h\u00e5lla koll p\u00e5 kamikaze-kiddot hela tiden!) .<\/p>\n<p>Alfred s\u00e4ger inte s\u00e5 m\u00e5nga ord (mer \u00e4n mamammaa, babababa samt n\u00e5gra odefinierbara l\u00e4ten, kan t\u00e4nka att nappmanin g\u00f6r att talet blir lite senare) men det m\u00e4rks han b\u00f6rjar f\u00f6rst\u00e5 mer, t.ex. &#8220;Ge bollen till mamma, tack&#8221; (sen om han verkligen vill sl\u00e4ppa bollen d\u00e5 han gett den, det \u00e4r en annan femma). Han pekar och vinkar hejd\u00e5. D\u00e5 det ringer p\u00e5 d\u00f6rren s\u00e5 rusar han dit. Han kan f\u00f6rst\u00e5 om man kallar p\u00e5 honom. Han f\u00f6rst\u00e5r definitivt vad &#8220;nej&#8221; betyder f\u00f6r han blir alltid j\u00e4tteledsen och b\u00f6rjar gr\u00e5ta d\u00e5 man s\u00e4ger nej :p . Han b\u00f6rjar \u00e4ven kunna anv\u00e4nda leksakerna till mer saker \u00e4n att bara bita p\u00e5 dom (men biter g\u00f6r han fortfarande, misst\u00e4nker att fler t\u00e4nder \u00e4n de 8 han har \u00e4r p\u00e5 g), t.ex l\u00e4gga klossar i plockl\u00e5dan och dra runt med hans &#8220;hundar&#8221;. Dock \u00e4r fortfarande fj\u00e4rrkontroller, mobiler, dammsugare och annat vi fingrar p\u00e5 mest intressant. Och bilar (som han s\u00e4ger bruuuum d\u00e5 han k\u00f6r runt med). Allt \u00e4r bilar och bilar kan k\u00f6ra i alla dimensioner, \u00e4ven p\u00e5 v\u00e4ggar. Knappar \u00e4r kul, h\u00e4romdagen st\u00e4ngde han av diskmaskinen mitt i en disk&#8230;<\/p>\n<p>Han g\u00e5r bra nu, och kan \u00e4ven &#8220;g\u00e5-springa&#8221;. Kl\u00e4ttrar tyv\u00e4rr ocks\u00e5 bra (upp p\u00e5 f\u00e5t\u00f6ljer, tvbord, upp p\u00e5 leksaksl\u00e5dan etc)&#8230;Han \u00e4r r\u00e4tt vild av sig, men d\u00e5 vi har bes\u00f6k blir han oftast mycket lugnare s\u00e5 folk undrar varf\u00f6r vi s\u00e4ger att han \u00e4r s\u00e5 vild :p . Han \u00e4lskar att bli jagad, \u00e4ven om det oftast slutar med vurpor och t\u00e5rar :p .<\/p>\n<p>Han har k\u00e4kat p\u00e5 mycket b\u00e4ttre sen han slutade amma, och nu kan han t.o.m visa att han \u00e4r hungrig och vill ha mat (h\u00e4nde n\u00e4stan aldrig innan). Han \u00e4ter det mesta nu, gillar frukt s\u00e5som kiwi, och \u00e4ven min hemmagjorda laxgryta och lasagne (tack, innan undrade jag om han ratade min mat :p). Han kan dricka ur mugg och \u00e4ta med sked och han tycker det \u00e4r mycket roligare att \u00e4ta d\u00e5 han f\u00e5r \u00f6sa in sj\u00e4lv.<\/p>\n<p>Och nu somnar han runt 8 och vaknar vid 8 utan att amma, halleluja! Hoppas det h\u00e5ller i sig. Han kan \u00e4ven h\u00e4nga sj\u00e4lv med mormor och morfar en kv\u00e4ll s\u00e5 det har blivit lite \u00f6kad frihet f\u00f6r hans p\u00e4ron nu!<\/p>\n<p><a href=\"http:\/\/karin.stampis.com\/blog\/wp-content\/uploads\/2013\/10\/DSC_1492.jpg\"><img loading=\"lazy\" decoding=\"async\" class=\"aligncenter size-full wp-image-17419\" alt=\"DSC_1492\" src=\"http:\/\/karin.stampis.com\/blog\/wp-content\/uploads\/2013\/10\/DSC_1492.jpg\" width=\"406\" height=\"600\" srcset=\"http:\/\/karin.stampis.com\/blog\/wp-content\/uploads\/2013\/10\/DSC_1492.jpg 406w, http:\/\/karin.stampis.com\/blog\/wp-content\/uploads\/2013\/10\/DSC_1492-243x360.jpg 243w\" sizes=\"auto, (max-width: 406px) 100vw, 406px\" \/><\/a><\/p>\n<p>&nbsp;<\/p>\n","protected":false},"excerpt":{"rendered":"<p>Grattis Alfred p\u00e5 din f\u00f6rsta f\u00f6delsedag \ud83d\ude00 D\u00e5 var det f\u00f6rsta h\u00e4ndelserika \u00e5ret slut! Huga vad mycket som har h\u00e4nt. Tycker det \u00e4r kul att Alfred blir st\u00f6rre, man f\u00e5r mer kontakt och han f\u00f6rst\u00e5r mer. Jag saknar inte bebistiden, &hellip; <a href=\"http:\/\/karin.stampis.com\/blog\/?p=17380\">Continue reading <span class=\"meta-nav\">&rarr;<\/span><\/a><\/p>\n","protected":false},"author":1,"featured_media":0,"comment_status":"open","ping_status":"open","sticky":false,"template":"","format":"standard","meta":{"footnotes":""},"categories":[328,322,353,352],"tags":[],"class_list":["post-17380","post","type-post","status-publish","format-standard","hentry","category-328","category-alfred","category-alfred-fyller-ar","category-oktober-2013"],"_links":{"self":[{"href":"http:\/\/karin.stampis.com\/blog\/index.php?rest_route=\/wp\/v2\/posts\/17380","targetHints":{"allow":["GET"]}}],"collection":[{"href":"http:\/\/karin.stampis.com\/blog\/index.php?rest_route=\/wp\/v2\/posts"}],"about":[{"href":"http:\/\/karin.stampis.com\/blog\/index.php?rest_route=\/wp\/v2\/types\/post"}],"author":[{"embeddable":true,"href":"http:\/\/karin.stampis.com\/blog\/index.php?rest_route=\/wp\/v2\/users\/1"}],"replies":[{"embeddable":true,"href":"http:\/\/karin.stampis.com\/blog\/index.php?rest_route=%2Fwp%2Fv2%2Fcomments&post=17380"}],"version-history":[{"count":10,"href":"http:\/\/karin.stampis.com\/blog\/index.php?rest_route=\/wp\/v2\/posts\/17380\/revisions"}],"predecessor-version":[{"id":17430,"href":"http:\/\/karin.stampis.com\/blog\/index.php?rest_route=\/wp\/v2\/posts\/17380\/revisions\/17430"}],"wp:attachment":[{"href":"http:\/\/karin.stampis.com\/blog\/index.php?rest_route=%2Fwp%2Fv2%2Fmedia&parent=17380"}],"wp:term":[{"taxonomy":"category","embeddable":true,"href":"http:\/\/karin.stampis.com\/blog\/index.php?rest_route=%2Fwp%2Fv2%2Fcategories&post=17380"},{"taxonomy":"post_tag","embeddable":true,"href":"http:\/\/karin.stampis.com\/blog\/index.php?rest_route=%2Fwp%2Fv2%2Ftags&post=17380"}],"curies":[{"name":"wp","href":"https:\/\/api.w.org\/{rel}","templated":true}]}}