{"id":17383,"date":"2013-10-22T07:41:40","date_gmt":"2013-10-22T06:41:40","guid":{"rendered":"http:\/\/karin.stampis.com\/blog\/?p=17383"},"modified":"2013-10-21T19:20:08","modified_gmt":"2013-10-21T18:20:08","slug":"for-ett-ar-sen","status":"publish","type":"post","link":"http:\/\/karin.stampis.com\/blog\/?p=17383","title":{"rendered":"F\u00f6r ett \u00e5r sen&#8230;"},"content":{"rendered":"<p style=\"text-align: center;\">&#8230;var det ajajaj<\/p>\n<p><a href=\"http:\/\/karin.stampis.com\/blog\/wp-content\/uploads\/2013\/10\/IMG_6456.jpg\"><img loading=\"lazy\" decoding=\"async\" class=\"aligncenter size-full wp-image-17384\" alt=\"IMG_6456\" src=\"http:\/\/karin.stampis.com\/blog\/wp-content\/uploads\/2013\/10\/IMG_6456.jpg\" width=\"600\" height=\"450\" srcset=\"http:\/\/karin.stampis.com\/blog\/wp-content\/uploads\/2013\/10\/IMG_6456.jpg 600w, http:\/\/karin.stampis.com\/blog\/wp-content\/uploads\/2013\/10\/IMG_6456-360x270.jpg 360w\" sizes=\"auto, (max-width: 600px) 100vw, 600px\" \/><\/a><\/p>\n<p style=\"text-align: left;\">Lustgas &#8211; jag blir helt varm i hj\u00e4rtat (och huvudet) d\u00e5 jag t\u00e4nker p\u00e5 det. <a href=\"http:\/\/karin.stampis.com\/blog\/wp-content\/uploads\/2013\/10\/IMG_6460.jpg\"><img loading=\"lazy\" decoding=\"async\" class=\"aligncenter size-large wp-image-17385\" alt=\"IMG_6460\" src=\"http:\/\/karin.stampis.com\/blog\/wp-content\/uploads\/2013\/10\/IMG_6460.jpg\" width=\"600\" height=\"450\" srcset=\"http:\/\/karin.stampis.com\/blog\/wp-content\/uploads\/2013\/10\/IMG_6460.jpg 600w, http:\/\/karin.stampis.com\/blog\/wp-content\/uploads\/2013\/10\/IMG_6460-360x270.jpg 360w\" sizes=\"auto, (max-width: 600px) 100vw, 600px\" \/><\/a>Hela den 22:e oktober f\u00f6rra \u00e5ret spenderades med v\u00e4rkar. Trodde verkligen att &#8220;Greggan&#8221; skulle poppa ut den dagen men det blev inte f\u00f6rr\u00e4n 20 minuter inp\u00e5 den 23:e som han kom ut. Jefla tur jag inte visste det innan d\u00e5 jag checkade in p\u00e5 KK p\u00e5 morgonen efter en natt fylld med v\u00e4rkar, d\u00e5 hade jag nog checkat ut helt mentalt, haha. Lustigt det d\u00e4r med minnet av f\u00f6rlossningen, jag kommer ih\u00e5g den, men det k\u00e4nns mer som ett &#8220;minne av ett minne&#8221; (ungef\u00e4r som ens allra f\u00f6rsta minnen fr\u00e5n 3-\u00e5rs\u00e5ldern som man undrar om man verkligen kommer ih\u00e5g sj\u00e4lv eller om man kommer ih\u00e5g det f\u00f6r att n\u00e5n har ber\u00e4ttat f\u00f6r en om det). Jag kommer ih\u00e5g att det gjorde ont, men sj\u00e4lva minnet av sm\u00e4rtan ligger p\u00e5 ett halvt omedvetet plan l\u00e5ngt inne i hj\u00e4rnkontoret (d\u00e5 man har rej\u00e4lt magont s\u00e5 kommer dock minnet lite till liv igen :p). S\u00e5 \u00e4ven om det var en ganska sv\u00e5r f\u00f6rlossning (barnmorskorna p\u00e5 KK och Mvc definierade iaf den som s\u00e5dan, och jag med&#8230;) s\u00e5 har jag inte alls blivit traumatiserad av den. Lite f\u00f6rv\u00e5nande faktiskt. S\u00e5 att uth\u00e4rda en f\u00f6rlossning till skulle absolut inte vara ett hinder fr\u00e5n att f\u00e5 en unge till (men h\u00e5h\u00e5 vad en unge till k\u00e4nns inte-alls-aktuellt just nu&#8230;), tv\u00e4rtom s\u00e5 hade det varit intressant. F\u00f6rlossningar \u00e4r ju ingen prestation man ska j\u00e4mf\u00f6ra, men med lite empirisk kunskap s\u00e5 vet man ju lite mer och hade kunnat g\u00f6ra det till en lite angen\u00e4mare upplevelse. Jag l\u00e4ste p\u00e5 en j\u00e4kla massa om f\u00f6rlossningar innan men inte hj\u00e4lpte det mig ett sm\u00e4ck &#8211; vissa saker g\u00e5r inte att teoretisera.<\/p>\n<p>Resultatet av det sm\u00e4rtfyllda (mer-\u00e4n)dygnet gjorde det ju helt klart v\u00e4rt all m\u00f6da:<\/p>\n<p><a href=\"http:\/\/karin.stampis.com\/blog\/wp-content\/uploads\/2013\/10\/IMG_6472.jpg\"><img loading=\"lazy\" decoding=\"async\" class=\"aligncenter size-large wp-image-17386\" alt=\"IMG_6472\" src=\"http:\/\/karin.stampis.com\/blog\/wp-content\/uploads\/2013\/10\/IMG_6472.jpg\" width=\"450\" height=\"600\" srcset=\"http:\/\/karin.stampis.com\/blog\/wp-content\/uploads\/2013\/10\/IMG_6472.jpg 450w, http:\/\/karin.stampis.com\/blog\/wp-content\/uploads\/2013\/10\/IMG_6472-270x360.jpg 270w\" sizes=\"auto, (max-width: 450px) 100vw, 450px\" \/><\/a><\/p>\n","protected":false},"excerpt":{"rendered":"<p>&#8230;var det ajajaj Lustgas &#8211; jag blir helt varm i hj\u00e4rtat (och huvudet) d\u00e5 jag t\u00e4nker p\u00e5 det. Hela den 22:e oktober f\u00f6rra \u00e5ret spenderades med v\u00e4rkar. Trodde verkligen att &#8220;Greggan&#8221; skulle poppa ut den dagen men det blev inte &hellip; <a href=\"http:\/\/karin.stampis.com\/blog\/?p=17383\">Continue reading <span class=\"meta-nav\">&rarr;<\/span><\/a><\/p>\n","protected":false},"author":1,"featured_media":0,"comment_status":"open","ping_status":"open","sticky":false,"template":"","format":"standard","meta":{"footnotes":""},"categories":[328,352],"tags":[],"class_list":["post-17383","post","type-post","status-publish","format-standard","hentry","category-328","category-oktober-2013"],"_links":{"self":[{"href":"http:\/\/karin.stampis.com\/blog\/index.php?rest_route=\/wp\/v2\/posts\/17383","targetHints":{"allow":["GET"]}}],"collection":[{"href":"http:\/\/karin.stampis.com\/blog\/index.php?rest_route=\/wp\/v2\/posts"}],"about":[{"href":"http:\/\/karin.stampis.com\/blog\/index.php?rest_route=\/wp\/v2\/types\/post"}],"author":[{"embeddable":true,"href":"http:\/\/karin.stampis.com\/blog\/index.php?rest_route=\/wp\/v2\/users\/1"}],"replies":[{"embeddable":true,"href":"http:\/\/karin.stampis.com\/blog\/index.php?rest_route=%2Fwp%2Fv2%2Fcomments&post=17383"}],"version-history":[{"count":15,"href":"http:\/\/karin.stampis.com\/blog\/index.php?rest_route=\/wp\/v2\/posts\/17383\/revisions"}],"predecessor-version":[{"id":17422,"href":"http:\/\/karin.stampis.com\/blog\/index.php?rest_route=\/wp\/v2\/posts\/17383\/revisions\/17422"}],"wp:attachment":[{"href":"http:\/\/karin.stampis.com\/blog\/index.php?rest_route=%2Fwp%2Fv2%2Fmedia&parent=17383"}],"wp:term":[{"taxonomy":"category","embeddable":true,"href":"http:\/\/karin.stampis.com\/blog\/index.php?rest_route=%2Fwp%2Fv2%2Fcategories&post=17383"},{"taxonomy":"post_tag","embeddable":true,"href":"http:\/\/karin.stampis.com\/blog\/index.php?rest_route=%2Fwp%2Fv2%2Ftags&post=17383"}],"curies":[{"name":"wp","href":"https:\/\/api.w.org\/{rel}","templated":true}]}}