{"id":17411,"date":"2013-10-21T07:56:58","date_gmt":"2013-10-21T06:56:58","guid":{"rendered":"http:\/\/karin.stampis.com\/blog\/?p=17411"},"modified":"2013-10-20T10:58:07","modified_gmt":"2013-10-20T09:58:07","slug":"hela-natter","status":"publish","type":"post","link":"http:\/\/karin.stampis.com\/blog\/?p=17411","title":{"rendered":"Hela n\u00e4tter"},"content":{"rendered":"<p>F\u00f6r ett tag sen blev jag lite tosig \u00f6ver att Alfred skulle snutta stup i kvarten p\u00e5 natten. S\u00e5 d\u00e5 best\u00e4mde jag mig att det fick vara dags att avsluta amningen (ammar n\u00e4stan bara p\u00e5 natten, p\u00e5 dagen \u00e4r Alfred inte s\u00e5 intresserad men p\u00e5 natten blir han helt amningstokig). Har velat fram och tillbaks ett tag nu om jag ska sluta eller inte\u00a0 &#8211; k\u00e4ndes mest som att det var av egoistiska anledningar som jag ville sluta och det tycker jag inte r\u00e4cker som motiv. Men, i slut\u00e4ndan s\u00e5 ins\u00e5g jag att det \u00e4ven \u00e4r f\u00f6r Alfreds skull d\u00e5 han f\u00e5r inte den mest pigga och engagerade morsan om hon v\u00e4cks stup i kvarten p\u00e5 natten. Och att han kanske nannar b\u00e4ttre sj\u00e4lv ocks\u00e5.<\/p>\n<p>Det var dock lite taskig timing att p\u00e5b\u00f6rja avslutandet d\u00e5 Jimmy var bortrest, men men. Testade n\u00e5gra n\u00e4tter sj\u00e4lv med att f\u00f6rs\u00f6ka att inte amma, men det var om\u00f6jligt att f\u00e5 tyst p\u00e5 Alfred om han inte fick v\u00e4lling. D\u00e5 \u00e4r ju hela po\u00e4ngen f\u00f6rsvunnen &#8211; det \u00e4r ju \u00e4nnu meckigare att h\u00e5lla p\u00e5 med v\u00e4lling. Sen s\u00e5 lade jag mig p\u00e5 soffan och min fader fick sova med Alfred ist\u00e4llet. Under dessa tv\u00e5 n\u00e4tter m\u00e4rktes en klar f\u00f6rb\u00e4ttring &#8211; han kunde somna om utan att f\u00e5 v\u00e4lling. Sen kom Jimmy hem och fick ta \u00f6ver, och nu sover han hela n\u00e4tter fr\u00e5n 8 till 8 \ud83d\ude00 (m\u00f6jligtvis med n\u00e5got enstaka grymtande som man l\u00e4tt f\u00e5r tyst p\u00e5 med en kram). Hoppas det forts\u00e4tter, s\u00e5 himla sk\u00f6nt att sova b\u00e4ttre! Det var knappt en m\u00e5nad sen som han fick regelbundna insomningsvanor, och om han nu kan f\u00e5 regelbundna s\u00f6mnvanor ocks\u00e5 \u00e4r det ju g\u00f6tt.<\/p>\n<p>Det k\u00e4nns ok att sluta amma. Det \u00e4r en frihet att inte amma, men samtidigt s\u00e5 har amningen funkat j\u00e4ttebra (och det \u00e4r ju s\u00e5 praktiskt ibland, och nyttigt), s\u00e5 till en del k\u00e4nns det synd att sluta. Men men, allt har sin tid.<\/p>\n<p>Det \u00e4r ett omstritt \u00e4mne det h\u00e4r med amning. Jag bryr mig inte ett dugg om folks \u00e5sikter h\u00e4r, men lite skumt \u00e4r det att m\u00e5nga det senaste halv\u00e5ret (efter d\u00e5 Alfred passerade 6 m\u00e5nader, tiden som det rekommenderas att man ska heltidsamma till) har sagt &#8220;oj, ammar du fortfarande???&#8221; med ungef\u00e4r samma tonl\u00e4ge och f\u00f6rv\u00e5ning som om man ammat en 7-\u00e5ring :p. Jag tycker inte att 1 \u00e5r \u00e4r vidare l\u00e4nge, det k\u00e4nns som ganska standard.<\/p>\n<p style=\"text-align: center;\"><a href=\"http:\/\/karin.stampis.com\/blog\/wp-content\/uploads\/2013\/10\/IMG_6597.jpg\"><img loading=\"lazy\" decoding=\"async\" class=\"aligncenter size-medium wp-image-17413\" alt=\"IMG_6597\" src=\"http:\/\/karin.stampis.com\/blog\/wp-content\/uploads\/2013\/10\/IMG_6597-360x270.jpg\" width=\"360\" height=\"270\" srcset=\"http:\/\/karin.stampis.com\/blog\/wp-content\/uploads\/2013\/10\/IMG_6597-360x270.jpg 360w, http:\/\/karin.stampis.com\/blog\/wp-content\/uploads\/2013\/10\/IMG_6597.jpg 600w\" sizes=\"auto, (max-width: 360px) 100vw, 360px\" \/><\/a>Bye bye snuttning (Alfred 1 vecka p\u00e5 detta foto)<\/p>\n","protected":false},"excerpt":{"rendered":"<p>F\u00f6r ett tag sen blev jag lite tosig \u00f6ver att Alfred skulle snutta stup i kvarten p\u00e5 natten. S\u00e5 d\u00e5 best\u00e4mde jag mig att det fick vara dags att avsluta amningen (ammar n\u00e4stan bara p\u00e5 natten, p\u00e5 dagen \u00e4r Alfred &hellip; <a href=\"http:\/\/karin.stampis.com\/blog\/?p=17411\">Continue reading <span class=\"meta-nav\">&rarr;<\/span><\/a><\/p>\n","protected":false},"author":1,"featured_media":0,"comment_status":"open","ping_status":"open","sticky":false,"template":"","format":"standard","meta":{"footnotes":""},"categories":[328,322,352],"tags":[],"class_list":["post-17411","post","type-post","status-publish","format-standard","hentry","category-328","category-alfred","category-oktober-2013"],"_links":{"self":[{"href":"http:\/\/karin.stampis.com\/blog\/index.php?rest_route=\/wp\/v2\/posts\/17411","targetHints":{"allow":["GET"]}}],"collection":[{"href":"http:\/\/karin.stampis.com\/blog\/index.php?rest_route=\/wp\/v2\/posts"}],"about":[{"href":"http:\/\/karin.stampis.com\/blog\/index.php?rest_route=\/wp\/v2\/types\/post"}],"author":[{"embeddable":true,"href":"http:\/\/karin.stampis.com\/blog\/index.php?rest_route=\/wp\/v2\/users\/1"}],"replies":[{"embeddable":true,"href":"http:\/\/karin.stampis.com\/blog\/index.php?rest_route=%2Fwp%2Fv2%2Fcomments&post=17411"}],"version-history":[{"count":6,"href":"http:\/\/karin.stampis.com\/blog\/index.php?rest_route=\/wp\/v2\/posts\/17411\/revisions"}],"predecessor-version":[{"id":17418,"href":"http:\/\/karin.stampis.com\/blog\/index.php?rest_route=\/wp\/v2\/posts\/17411\/revisions\/17418"}],"wp:attachment":[{"href":"http:\/\/karin.stampis.com\/blog\/index.php?rest_route=%2Fwp%2Fv2%2Fmedia&parent=17411"}],"wp:term":[{"taxonomy":"category","embeddable":true,"href":"http:\/\/karin.stampis.com\/blog\/index.php?rest_route=%2Fwp%2Fv2%2Fcategories&post=17411"},{"taxonomy":"post_tag","embeddable":true,"href":"http:\/\/karin.stampis.com\/blog\/index.php?rest_route=%2Fwp%2Fv2%2Ftags&post=17411"}],"curies":[{"name":"wp","href":"https:\/\/api.w.org\/{rel}","templated":true}]}}