{"id":17432,"date":"2013-10-25T10:51:07","date_gmt":"2013-10-25T09:51:07","guid":{"rendered":"http:\/\/karin.stampis.com\/blog\/?p=17432"},"modified":"2013-10-25T10:56:55","modified_gmt":"2013-10-25T09:56:55","slug":"for-ett-ar-sen-2","status":"publish","type":"post","link":"http:\/\/karin.stampis.com\/blog\/?p=17432","title":{"rendered":"F\u00f6r ett \u00e5r sen"},"content":{"rendered":"<p>Ahhh, man blir allt lite nostalgisk nu d\u00e5 Alfred fyller ett. Vad snabbt \u00e5ret har g\u00e5tt! Och samtidigt k\u00e4nns det v\u00e4ldigt l\u00e4ngesen som han var en liten f\u00e4rsking. Jag kan inte komma ih\u00e5g att jag haft en s\u00e5n liten unge, men det finns ju fotobevis s\u00e5 nog har jag det.<\/p>\n<p><a href=\"http:\/\/karin.stampis.com\/blog\/wp-content\/uploads\/2013\/10\/DSC_0152.jpg\"><img loading=\"lazy\" decoding=\"async\" class=\"aligncenter size-full wp-image-17442\" alt=\"DSC_0152\" src=\"http:\/\/karin.stampis.com\/blog\/wp-content\/uploads\/2013\/10\/DSC_0152.jpg\" width=\"599\" height=\"467\" srcset=\"http:\/\/karin.stampis.com\/blog\/wp-content\/uploads\/2013\/10\/DSC_0152.jpg 599w, http:\/\/karin.stampis.com\/blog\/wp-content\/uploads\/2013\/10\/DSC_0152-360x280.jpg 360w\" sizes=\"auto, (max-width: 599px) 100vw, 599px\" \/><\/a><\/p>\n<p><a href=\"http:\/\/karin.stampis.com\/blog\/wp-content\/uploads\/2013\/10\/DSC_0110.jpg\"><img loading=\"lazy\" decoding=\"async\" class=\"aligncenter size-full wp-image-17433\" alt=\"DSC_0110\" src=\"http:\/\/karin.stampis.com\/blog\/wp-content\/uploads\/2013\/10\/DSC_0110.jpg\" width=\"600\" height=\"292\" srcset=\"http:\/\/karin.stampis.com\/blog\/wp-content\/uploads\/2013\/10\/DSC_0110.jpg 600w, http:\/\/karin.stampis.com\/blog\/wp-content\/uploads\/2013\/10\/DSC_0110-360x175.jpg 360w\" sizes=\"auto, (max-width: 600px) 100vw, 600px\" \/><\/a><\/p>\n<p><a href=\"http:\/\/karin.stampis.com\/blog\/wp-content\/uploads\/2013\/10\/DSC_0148.jpg\"><img loading=\"lazy\" decoding=\"async\" class=\"aligncenter size-full wp-image-17440\" alt=\"DSC_0148\" src=\"http:\/\/karin.stampis.com\/blog\/wp-content\/uploads\/2013\/10\/DSC_0148.jpg\" width=\"600\" height=\"338\" srcset=\"http:\/\/karin.stampis.com\/blog\/wp-content\/uploads\/2013\/10\/DSC_0148.jpg 600w, http:\/\/karin.stampis.com\/blog\/wp-content\/uploads\/2013\/10\/DSC_0148-360x202.jpg 360w\" sizes=\"auto, (max-width: 600px) 100vw, 600px\" \/><\/a> <a href=\"http:\/\/karin.stampis.com\/blog\/wp-content\/uploads\/2013\/10\/DSC_0115.jpg\"><img loading=\"lazy\" decoding=\"async\" class=\"aligncenter size-full wp-image-17434\" alt=\"DSC_0115\" src=\"http:\/\/karin.stampis.com\/blog\/wp-content\/uploads\/2013\/10\/DSC_0115.jpg\" width=\"433\" height=\"600\" srcset=\"http:\/\/karin.stampis.com\/blog\/wp-content\/uploads\/2013\/10\/DSC_0115.jpg 433w, http:\/\/karin.stampis.com\/blog\/wp-content\/uploads\/2013\/10\/DSC_0115-259x360.jpg 259w\" sizes=\"auto, (max-width: 433px) 100vw, 433px\" \/><\/a><\/p>\n<p>Jag var s\u00e5 j\u00e4kla tr\u00f6tt under dagarna p\u00e5 avd 44. F\u00f6rlossningen startade ju smidigt nog precis d\u00e5 jag skulle l\u00e4gga mig och sova f\u00f6r natten den 21e s\u00e5 det blev en l\u00e5ng tids vakenhet. Men det var ju iaf tur den startade p\u00e5 en s\u00f6ndagskv\u00e4ll och inte en fredagskv\u00e4ll! H\u00e4r har b\u00e5de Alfred och jag d\u00e4ckat i en stol.<a href=\"http:\/\/karin.stampis.com\/blog\/wp-content\/uploads\/2013\/10\/DSC_0120.jpg\"><img loading=\"lazy\" decoding=\"async\" class=\"aligncenter size-full wp-image-17435\" alt=\"DSC_0120\" src=\"http:\/\/karin.stampis.com\/blog\/wp-content\/uploads\/2013\/10\/DSC_0120.jpg\" width=\"449\" height=\"600\" srcset=\"http:\/\/karin.stampis.com\/blog\/wp-content\/uploads\/2013\/10\/DSC_0120.jpg 449w, http:\/\/karin.stampis.com\/blog\/wp-content\/uploads\/2013\/10\/DSC_0120-269x360.jpg 269w\" sizes=\"auto, (max-width: 449px) 100vw, 449px\" \/><\/a><\/p>\n","protected":false},"excerpt":{"rendered":"<p>Ahhh, man blir allt lite nostalgisk nu d\u00e5 Alfred fyller ett. Vad snabbt \u00e5ret har g\u00e5tt! Och samtidigt k\u00e4nns det v\u00e4ldigt l\u00e4ngesen som han var en liten f\u00e4rsking. Jag kan inte komma ih\u00e5g att jag haft en s\u00e5n liten unge, &hellip; <a href=\"http:\/\/karin.stampis.com\/blog\/?p=17432\">Continue reading <span class=\"meta-nav\">&rarr;<\/span><\/a><\/p>\n","protected":false},"author":1,"featured_media":0,"comment_status":"open","ping_status":"open","sticky":false,"template":"","format":"standard","meta":{"footnotes":""},"categories":[328,322,352],"tags":[],"class_list":["post-17432","post","type-post","status-publish","format-standard","hentry","category-328","category-alfred","category-oktober-2013"],"_links":{"self":[{"href":"http:\/\/karin.stampis.com\/blog\/index.php?rest_route=\/wp\/v2\/posts\/17432","targetHints":{"allow":["GET"]}}],"collection":[{"href":"http:\/\/karin.stampis.com\/blog\/index.php?rest_route=\/wp\/v2\/posts"}],"about":[{"href":"http:\/\/karin.stampis.com\/blog\/index.php?rest_route=\/wp\/v2\/types\/post"}],"author":[{"embeddable":true,"href":"http:\/\/karin.stampis.com\/blog\/index.php?rest_route=\/wp\/v2\/users\/1"}],"replies":[{"embeddable":true,"href":"http:\/\/karin.stampis.com\/blog\/index.php?rest_route=%2Fwp%2Fv2%2Fcomments&post=17432"}],"version-history":[{"count":7,"href":"http:\/\/karin.stampis.com\/blog\/index.php?rest_route=\/wp\/v2\/posts\/17432\/revisions"}],"predecessor-version":[{"id":17441,"href":"http:\/\/karin.stampis.com\/blog\/index.php?rest_route=\/wp\/v2\/posts\/17432\/revisions\/17441"}],"wp:attachment":[{"href":"http:\/\/karin.stampis.com\/blog\/index.php?rest_route=%2Fwp%2Fv2%2Fmedia&parent=17432"}],"wp:term":[{"taxonomy":"category","embeddable":true,"href":"http:\/\/karin.stampis.com\/blog\/index.php?rest_route=%2Fwp%2Fv2%2Fcategories&post=17432"},{"taxonomy":"post_tag","embeddable":true,"href":"http:\/\/karin.stampis.com\/blog\/index.php?rest_route=%2Fwp%2Fv2%2Ftags&post=17432"}],"curies":[{"name":"wp","href":"https:\/\/api.w.org\/{rel}","templated":true}]}}