{"id":17586,"date":"2013-11-19T07:22:12","date_gmt":"2013-11-19T06:22:12","guid":{"rendered":"http:\/\/karin.stampis.com\/blog\/?p=17586"},"modified":"2013-11-18T12:23:33","modified_gmt":"2013-11-18T11:23:33","slug":"som-ett-brev-pa-posten","status":"publish","type":"post","link":"http:\/\/karin.stampis.com\/blog\/?p=17586","title":{"rendered":"Som ett brev p\u00e5 posten&#8230;"},"content":{"rendered":"<p>&#8230;babycaf\u00e9 f\u00f6rra veckan, f\u00f6rkylning nu :p .<\/p>\n<p>Stackars liten sn\u00f6rvlar och blir helt f\u00f6rtvivlad d\u00e5 han ska sova och inte kan andas bra. Det k\u00e4nns lite som en flashback fr\u00e5n hans nyf\u00f6ddhetstid- man g\u00e5r runt och b\u00e4r och vaggar en skrikande Alfred som inte vill sova (fast han \u00e4r liiiite tyngre att b\u00e4ra p\u00e5 nu).<\/p>\n<p>Dessutom har han f\u00e5tt helt fel p\u00e5 dygnsrytmen d\u00e5 vi varit iv\u00e4g p\u00e5 en hel del aktiviteter p\u00e5 sistone d\u00e5 han antingen missat sovtiden eller varit s\u00e5 mycket uppe i varv att han inte kunnat sova. S\u00e5 den h\u00e4rliga somna-klockan-8-rytmen som han fick f\u00f6r ca en m\u00e5nad sen hade redan b\u00f6rjat krackelera lite, och med en f\u00f6rkylning p\u00e5 det s\u00e5&#8230;<\/p>\n<p><a href=\"http:\/\/karin.stampis.com\/blog\/wp-content\/uploads\/2013\/11\/DSC_1591.jpg\"><img loading=\"lazy\" decoding=\"async\" class=\"aligncenter size-full wp-image-17588\" alt=\"DSC_1591\" src=\"http:\/\/karin.stampis.com\/blog\/wp-content\/uploads\/2013\/11\/DSC_1591.jpg\" width=\"545\" height=\"600\" srcset=\"http:\/\/karin.stampis.com\/blog\/wp-content\/uploads\/2013\/11\/DSC_1591.jpg 545w, http:\/\/karin.stampis.com\/blog\/wp-content\/uploads\/2013\/11\/DSC_1591-327x360.jpg 327w\" sizes=\"auto, (max-width: 545px) 100vw, 545px\" \/><\/a><\/p>\n<p style=\"text-align: center;\"><em>Sn\u00f6rvlig nattst\u00f6kare som inte vill sova<\/em><\/p>\n","protected":false},"excerpt":{"rendered":"<p>&#8230;babycaf\u00e9 f\u00f6rra veckan, f\u00f6rkylning nu :p . Stackars liten sn\u00f6rvlar och blir helt f\u00f6rtvivlad d\u00e5 han ska sova och inte kan andas bra. Det k\u00e4nns lite som en flashback fr\u00e5n hans nyf\u00f6ddhetstid- man g\u00e5r runt och b\u00e4r och vaggar en &hellip; <a href=\"http:\/\/karin.stampis.com\/blog\/?p=17586\">Continue reading <span class=\"meta-nav\">&rarr;<\/span><\/a><\/p>\n","protected":false},"author":1,"featured_media":0,"comment_status":"open","ping_status":"open","sticky":false,"template":"","format":"standard","meta":{"footnotes":""},"categories":[328,322,354],"tags":[],"class_list":["post-17586","post","type-post","status-publish","format-standard","hentry","category-328","category-alfred","category-november-2013"],"_links":{"self":[{"href":"http:\/\/karin.stampis.com\/blog\/index.php?rest_route=\/wp\/v2\/posts\/17586","targetHints":{"allow":["GET"]}}],"collection":[{"href":"http:\/\/karin.stampis.com\/blog\/index.php?rest_route=\/wp\/v2\/posts"}],"about":[{"href":"http:\/\/karin.stampis.com\/blog\/index.php?rest_route=\/wp\/v2\/types\/post"}],"author":[{"embeddable":true,"href":"http:\/\/karin.stampis.com\/blog\/index.php?rest_route=\/wp\/v2\/users\/1"}],"replies":[{"embeddable":true,"href":"http:\/\/karin.stampis.com\/blog\/index.php?rest_route=%2Fwp%2Fv2%2Fcomments&post=17586"}],"version-history":[{"count":5,"href":"http:\/\/karin.stampis.com\/blog\/index.php?rest_route=\/wp\/v2\/posts\/17586\/revisions"}],"predecessor-version":[{"id":17591,"href":"http:\/\/karin.stampis.com\/blog\/index.php?rest_route=\/wp\/v2\/posts\/17586\/revisions\/17591"}],"wp:attachment":[{"href":"http:\/\/karin.stampis.com\/blog\/index.php?rest_route=%2Fwp%2Fv2%2Fmedia&parent=17586"}],"wp:term":[{"taxonomy":"category","embeddable":true,"href":"http:\/\/karin.stampis.com\/blog\/index.php?rest_route=%2Fwp%2Fv2%2Fcategories&post=17586"},{"taxonomy":"post_tag","embeddable":true,"href":"http:\/\/karin.stampis.com\/blog\/index.php?rest_route=%2Fwp%2Fv2%2Ftags&post=17586"}],"curies":[{"name":"wp","href":"https:\/\/api.w.org\/{rel}","templated":true}]}}