{"id":17593,"date":"2013-11-21T20:26:42","date_gmt":"2013-11-21T19:26:42","guid":{"rendered":"http:\/\/karin.stampis.com\/blog\/?p=17593"},"modified":"2013-11-18T20:27:07","modified_gmt":"2013-11-18T19:27:07","slug":"bvc-besok-1-ar","status":"publish","type":"post","link":"http:\/\/karin.stampis.com\/blog\/?p=17593","title":{"rendered":"BVC-bes\u00f6k 1 \u00e5r"},"content":{"rendered":"<p>Tidigare i veckan var vi p\u00e5 ett lite f\u00f6rsenat 1-\u00e5rs bes\u00f6k p\u00e5 BVC. V\u00e5r gamla BVC-&#8220;tant&#8221; (yngre \u00e4n mig s\u00e5 tant \u00e4r ju nog lite fel att s\u00e4ga :p), som jag tyckte var j\u00e4ttebra, hade slutat. S\u00e5 det var dags f\u00f6r en ny &#8211; hon var j\u00e4ttetrevlig hon med s\u00e5 det var ju bra. F\u00f6rra g\u00e5ngen, p\u00e5 Alfreds egentliga 1-\u00e5rsbes\u00f6k, s\u00e5 var det en vikarie som inte hade alla h\u00e4star hemma s\u00e5 vi fick helt enkelt g\u00f6ra om bes\u00f6ket.\u00a0 Nu v\u00e4gde Alfred 10,84 kg och var 80 cm l\u00e5ng. P\u00e5 medelkurvan p\u00e5 vikt och +1 p\u00e5 l\u00e4ngd.<\/p>\n<p>I samband med bes\u00f6ket gick jag p\u00e5 en barnvagnspromenad, tre kvart f\u00f6re och tre kvart efter. Alfred brukar alltid protestera h\u00f6gljutt mot att vara i vagnen, men nu var han lugn.\u00a0 Kan bero p\u00e5 att det inte var soligt och varmt ute, d\u00e5 g\u00e5r det b\u00e4ttre. Men det var en sk\u00f6n h\u00f6stdag, och det var S\u00c5\u00c5\u00c5 sk\u00f6nt att g\u00e5 ut p\u00e5 barnvagnspromenad. Jag \u00e4lskar barnvagnspromenader och saknar dom verkligen, men oftast \u00e4r han alldeles f\u00f6r tv\u00e4r f\u00f6r att det ska funka. Folk p\u00e5 stan m\u00e5ste tro att jag har r\u00f6vat bort honom eller n\u00e5got som han brukar ha sig i vagnen :p.<\/p>\n<p style=\"text-align: center;\"><a href=\"http:\/\/karin.stampis.com\/blog\/wp-content\/uploads\/2013\/11\/DSC_1638.jpg\"><img loading=\"lazy\" decoding=\"async\" class=\"aligncenter size-full wp-image-17594\" alt=\"DSC_1638\" src=\"http:\/\/karin.stampis.com\/blog\/wp-content\/uploads\/2013\/11\/DSC_1638.jpg\" width=\"600\" height=\"338\" srcset=\"http:\/\/karin.stampis.com\/blog\/wp-content\/uploads\/2013\/11\/DSC_1638.jpg 600w, http:\/\/karin.stampis.com\/blog\/wp-content\/uploads\/2013\/11\/DSC_1638-360x202.jpg 360w\" sizes=\"auto, (max-width: 600px) 100vw, 600px\" \/><\/a><em>Ovanlig syn: glad Alfred i barnvagn<\/em><\/p>\n","protected":false},"excerpt":{"rendered":"<p>Tidigare i veckan var vi p\u00e5 ett lite f\u00f6rsenat 1-\u00e5rs bes\u00f6k p\u00e5 BVC. V\u00e5r gamla BVC-&#8220;tant&#8221; (yngre \u00e4n mig s\u00e5 tant \u00e4r ju nog lite fel att s\u00e4ga :p), som jag tyckte var j\u00e4ttebra, hade slutat. S\u00e5 det var dags &hellip; <a href=\"http:\/\/karin.stampis.com\/blog\/?p=17593\">Continue reading <span class=\"meta-nav\">&rarr;<\/span><\/a><\/p>\n","protected":false},"author":1,"featured_media":0,"comment_status":"open","ping_status":"open","sticky":false,"template":"","format":"standard","meta":{"footnotes":""},"categories":[328,322,338,354],"tags":[],"class_list":["post-17593","post","type-post","status-publish","format-standard","hentry","category-328","category-alfred","category-langd-och-vikt-alfred","category-november-2013"],"_links":{"self":[{"href":"http:\/\/karin.stampis.com\/blog\/index.php?rest_route=\/wp\/v2\/posts\/17593","targetHints":{"allow":["GET"]}}],"collection":[{"href":"http:\/\/karin.stampis.com\/blog\/index.php?rest_route=\/wp\/v2\/posts"}],"about":[{"href":"http:\/\/karin.stampis.com\/blog\/index.php?rest_route=\/wp\/v2\/types\/post"}],"author":[{"embeddable":true,"href":"http:\/\/karin.stampis.com\/blog\/index.php?rest_route=\/wp\/v2\/users\/1"}],"replies":[{"embeddable":true,"href":"http:\/\/karin.stampis.com\/blog\/index.php?rest_route=%2Fwp%2Fv2%2Fcomments&post=17593"}],"version-history":[{"count":5,"href":"http:\/\/karin.stampis.com\/blog\/index.php?rest_route=\/wp\/v2\/posts\/17593\/revisions"}],"predecessor-version":[{"id":17599,"href":"http:\/\/karin.stampis.com\/blog\/index.php?rest_route=\/wp\/v2\/posts\/17593\/revisions\/17599"}],"wp:attachment":[{"href":"http:\/\/karin.stampis.com\/blog\/index.php?rest_route=%2Fwp%2Fv2%2Fmedia&parent=17593"}],"wp:term":[{"taxonomy":"category","embeddable":true,"href":"http:\/\/karin.stampis.com\/blog\/index.php?rest_route=%2Fwp%2Fv2%2Fcategories&post=17593"},{"taxonomy":"post_tag","embeddable":true,"href":"http:\/\/karin.stampis.com\/blog\/index.php?rest_route=%2Fwp%2Fv2%2Ftags&post=17593"}],"curies":[{"name":"wp","href":"https:\/\/api.w.org\/{rel}","templated":true}]}}