{"id":17771,"date":"2013-12-23T13:43:54","date_gmt":"2013-12-23T12:43:54","guid":{"rendered":"http:\/\/karin.stampis.com\/blog\/?p=17771"},"modified":"2013-12-23T13:43:54","modified_gmt":"2013-12-23T12:43:54","slug":"alfred-14-manader","status":"publish","type":"post","link":"http:\/\/karin.stampis.com\/blog\/?p=17771","title":{"rendered":"Alfred 14 m\u00e5nader"},"content":{"rendered":"<p>S\u00e5 blir busungen 14 m\u00e5nader idag. Det \u00e4r en v\u00e4ldigt fart p\u00e5 honom, det ska springas hit och dit, kl\u00e4ttras, och inte minst s\u00e5 ska allt bitas och pillas p\u00e5, och rivas ner och stoppas ner saker i. L\u00e5dor och d\u00f6rrar ska \u00f6ppnas. Det b\u00e4sta att pilla p\u00e5 \u00e4r elektronikrelaterade saker som sladdar, fj\u00e4rrkontroller och s\u00e5nt. Och nu s\u00e5 kan han \u00e4ven kl\u00e4ttra upp fritt i soffan och andra st\u00e4llen s\u00e5 man f\u00e5r h\u00e5lla koll. Pust! Roligt men liiiite anstr\u00e4ngande :p . Man f\u00e5r verkligen barns\u00e4kra annars \u00e5ker allt i golvet eller in i munnen. Jag vet ingen annan unge som \u00e4r s\u00e5 tossig &#8211; jag var inte heller s\u00e5n som liten, men nu har jag f\u00e5tt veta att han \u00e4rvt detta fr\u00e5n sin fader, hehe \ud83d\ude09 .<\/p>\n<p>Annars har han ett glatt hum\u00f6r, f\u00f6rutom d\u00e5 han inte f\u00e5r bita eller riva ner en viss sak som han vill ha. Han babblar p\u00e5 en hel del med diverse ljud, mama, baba, gaga och likartat. H\u00e4romdagen sa tydligen han sitt f\u00f6rsta ord, lagom tills d\u00e5 Jimmy&amp;jag hade v\u00e5r egentidskv\u00e4ll som jag skrev om ig\u00e5r :p. Ordet var &#8220;\u00e4ta&#8221;, kanske inte s\u00e5 konstigt d\u00e5 han h\u00e4ngde med morfar \ud83d\ude09 . Annars tycker jag det l\u00e5ter som att han s\u00e4ger &#8220;nej&#8221; r\u00e4tt s\u00e5 ofta. Inte s\u00e5 konstigt d\u00e5 han f\u00e5r h\u00f6ra det ordet ganska frekvent (f\u00f6r de som tycker att man inte ska s\u00e4ga &#8220;nej&#8221; till sm\u00e5ttingar, kom och l\u00e5na Alfred lite och se om det fortfarande g\u00e5r att h\u00e5lla fast vid den \u00e5sikten. Jag betvivlar det).<\/p>\n<p>Han \u00e4r lika livlig d\u00e5 han sover. Sover han i (180cm-) s\u00e4ngen kan det h\u00e4nda att han r\u00f6r sig s\u00e5 mycket att han trillar ur s\u00e4ngen. Ofta s\u00e5 hittar man honom med huvudet precis vid fot\u00e4ndan. Han k\u00f6r n\u00e5gon sorts mullvads-stil i s\u00e4ngen och gr\u00e4ver sig runt. H\u00f6r man ett ilsket ljud fr\u00e5n honom d\u00e5 han ligger och nannar s\u00e5 \u00e4r det f\u00f6r att han \u00e4r arg f\u00f6r att v\u00e4ggen kommit i v\u00e4gen. Han gillar att ligga med huvud-ben riktningen i kortsidans riktning av s\u00e4ngen. Jag undrar ibland om det \u00e4r f\u00f6r jag placerat s\u00e4ngen i helt fel Feng-shui-riktning (kan det f\u00f6rklara lite av min d\u00e5liga s\u00f6mn?)? I vilket fall, att samsova med honom \u00e4r, som man kan uttyda av det som st\u00e5r ovan,inte helt angen\u00e4mt. S\u00e5 nu k\u00f6r vi p\u00e5 med att f\u00e5 in honom i spj\u00e4ls\u00e4ngen. Det g\u00e5r b\u00e4ttre och b\u00e4ttre, \u00e4ven om han fortfarande vaknar upp d\u00e5 och d\u00e5, mest f\u00f6r att han tappat nappen.<\/p>\n<p>S\u00e5 det \u00e4r alltid fullt fart med honom, en vild liten buse som k\u00f6r lite slut p\u00e5 sin morsa. Det \u00e4r tur att man tycker att han \u00e4r det s\u00f6taste som finns \ud83d\ude09<\/p>\n<p style=\"text-align: center;\"><a href=\"http:\/\/karin.stampis.com\/blog\/wp-content\/uploads\/2013\/12\/DSC_0236.jpg\"><img loading=\"lazy\" decoding=\"async\" class=\"aligncenter size-medium wp-image-17772\" alt=\"DSC_0236\" src=\"http:\/\/karin.stampis.com\/blog\/wp-content\/uploads\/2013\/12\/DSC_0236-258x360.jpg\" width=\"258\" height=\"360\" srcset=\"http:\/\/karin.stampis.com\/blog\/wp-content\/uploads\/2013\/12\/DSC_0236-258x360.jpg 258w, http:\/\/karin.stampis.com\/blog\/wp-content\/uploads\/2013\/12\/DSC_0236.jpg 430w\" sizes=\"auto, (max-width: 258px) 100vw, 258px\" \/><\/a><em>Alfred som polis<\/em><\/p>\n<p><a href=\"http:\/\/karin.stampis.com\/blog\/wp-content\/uploads\/2013\/12\/1386181125244.jpg\"><img loading=\"lazy\" decoding=\"async\" class=\"aligncenter size-medium wp-image-17777\" alt=\"1386181125244\" src=\"http:\/\/karin.stampis.com\/blog\/wp-content\/uploads\/2013\/12\/1386181125244-360x202.jpg\" width=\"360\" height=\"202\" srcset=\"http:\/\/karin.stampis.com\/blog\/wp-content\/uploads\/2013\/12\/1386181125244-360x202.jpg 360w, http:\/\/karin.stampis.com\/blog\/wp-content\/uploads\/2013\/12\/1386181125244.jpg 600w\" sizes=\"auto, (max-width: 360px) 100vw, 360px\" \/><\/a><\/p>\n<p style=\"text-align: center;\"><em>L\u00e5dan med leksaker sitter han g\u00e4rna i. Eller v\u00e4nder upp och ner p\u00e5. Jaja, det kan r\u00f6kar-grannarna under gott ta :p<\/em><a href=\"http:\/\/karin.stampis.com\/blog\/wp-content\/uploads\/2013\/12\/IMG_9658.jpg\"><img loading=\"lazy\" decoding=\"async\" class=\"aligncenter size-medium wp-image-17778\" alt=\"IMG_9658\" src=\"http:\/\/karin.stampis.com\/blog\/wp-content\/uploads\/2013\/12\/IMG_9658-246x360.jpg\" width=\"246\" height=\"360\" srcset=\"http:\/\/karin.stampis.com\/blog\/wp-content\/uploads\/2013\/12\/IMG_9658-246x360.jpg 246w, http:\/\/karin.stampis.com\/blog\/wp-content\/uploads\/2013\/12\/IMG_9658.jpg 411w\" sizes=\"auto, (max-width: 246px) 100vw, 246px\" \/><\/a><\/p>\n<p style=\"text-align: center;\"><em>En elvisp kan tj\u00e4nstg\u00f6ra som dragleksak<\/em><\/p>\n","protected":false},"excerpt":{"rendered":"<p>S\u00e5 blir busungen 14 m\u00e5nader idag. Det \u00e4r en v\u00e4ldigt fart p\u00e5 honom, det ska springas hit och dit, kl\u00e4ttras, och inte minst s\u00e5 ska allt bitas och pillas p\u00e5, och rivas ner och stoppas ner saker i. L\u00e5dor och &hellip; <a href=\"http:\/\/karin.stampis.com\/blog\/?p=17771\">Continue reading <span class=\"meta-nav\">&rarr;<\/span><\/a><\/p>\n","protected":false},"author":1,"featured_media":0,"comment_status":"open","ping_status":"open","sticky":false,"template":"","format":"standard","meta":{"footnotes":""},"categories":[328,322,330,355],"tags":[],"class_list":["post-17771","post","type-post","status-publish","format-standard","hentry","category-328","category-alfred","category-fyller-manad","category-december-2013"],"_links":{"self":[{"href":"http:\/\/karin.stampis.com\/blog\/index.php?rest_route=\/wp\/v2\/posts\/17771","targetHints":{"allow":["GET"]}}],"collection":[{"href":"http:\/\/karin.stampis.com\/blog\/index.php?rest_route=\/wp\/v2\/posts"}],"about":[{"href":"http:\/\/karin.stampis.com\/blog\/index.php?rest_route=\/wp\/v2\/types\/post"}],"author":[{"embeddable":true,"href":"http:\/\/karin.stampis.com\/blog\/index.php?rest_route=\/wp\/v2\/users\/1"}],"replies":[{"embeddable":true,"href":"http:\/\/karin.stampis.com\/blog\/index.php?rest_route=%2Fwp%2Fv2%2Fcomments&post=17771"}],"version-history":[{"count":9,"href":"http:\/\/karin.stampis.com\/blog\/index.php?rest_route=\/wp\/v2\/posts\/17771\/revisions"}],"predecessor-version":[{"id":17783,"href":"http:\/\/karin.stampis.com\/blog\/index.php?rest_route=\/wp\/v2\/posts\/17771\/revisions\/17783"}],"wp:attachment":[{"href":"http:\/\/karin.stampis.com\/blog\/index.php?rest_route=%2Fwp%2Fv2%2Fmedia&parent=17771"}],"wp:term":[{"taxonomy":"category","embeddable":true,"href":"http:\/\/karin.stampis.com\/blog\/index.php?rest_route=%2Fwp%2Fv2%2Fcategories&post=17771"},{"taxonomy":"post_tag","embeddable":true,"href":"http:\/\/karin.stampis.com\/blog\/index.php?rest_route=%2Fwp%2Fv2%2Ftags&post=17771"}],"curies":[{"name":"wp","href":"https:\/\/api.w.org\/{rel}","templated":true}]}}