{"id":17971,"date":"2014-02-07T20:36:16","date_gmt":"2014-02-07T19:36:16","guid":{"rendered":"http:\/\/karin.stampis.com\/blog\/?p=17971"},"modified":"2014-02-07T20:36:16","modified_gmt":"2014-02-07T19:36:16","slug":"alfred-pa-stan","status":"publish","type":"post","link":"http:\/\/karin.stampis.com\/blog\/?p=17971","title":{"rendered":"Alfred p\u00e5 stan"},"content":{"rendered":"<p>Alfred n\u00f6jer sig oftast inte med att sitta i barnvagnen. Han vill ut och g\u00e5 vart vi \u00e4n \u00e4r. H\u00e4romdagen var vi p\u00e5 bibblan. Det tyckte han var j\u00e4ttekul och vandrade uppf\u00f6r en l\u00e5ng trappa som de har d\u00e4r. Vi \u00e4r ju p\u00e5 deras barnavdelning d\u00e5 och d\u00e5, men d\u00e4r vill han inte vara. Han vill ut och springa p\u00e5 de \u00f6ppna ytorna.<\/p>\n<p><a href=\"http:\/\/karin.stampis.com\/blog\/wp-content\/uploads\/2014\/02\/DSC_1096.jpg\"><img loading=\"lazy\" decoding=\"async\" class=\"aligncenter size-full wp-image-17976\" alt=\"DSC_1096\" src=\"http:\/\/karin.stampis.com\/blog\/wp-content\/uploads\/2014\/02\/DSC_1096.jpg\" width=\"600\" height=\"547\" srcset=\"http:\/\/karin.stampis.com\/blog\/wp-content\/uploads\/2014\/02\/DSC_1096.jpg 600w, http:\/\/karin.stampis.com\/blog\/wp-content\/uploads\/2014\/02\/DSC_1096-360x328.jpg 360w\" sizes=\"auto, (max-width: 600px) 100vw, 600px\" \/><\/a><\/p>\n<p>P\u00e5 sistone har han b\u00f6rjat g\u00e5 runt d\u00e5 vi handlar mat. Det tycker han \u00e4r skitkul. Han hojtar av gl\u00e4dje. Kul att n\u00e5gon gillar Malmborgs iaf :p . Men han har alltid varit ett fan av mataff\u00e4rer. S\u00e5 nu hj\u00e4lper han till att l\u00e4gga varorna i korgen (och att dra upp dom igen).<\/p>\n<p style=\"text-align: center;\"><a href=\"http:\/\/karin.stampis.com\/blog\/wp-content\/uploads\/2014\/02\/DSC_0044.jpg\"><img loading=\"lazy\" decoding=\"async\" class=\"aligncenter size-full wp-image-17974\" alt=\"DSC_0044\" src=\"http:\/\/karin.stampis.com\/blog\/wp-content\/uploads\/2014\/02\/DSC_0044.jpg\" width=\"600\" height=\"600\" srcset=\"http:\/\/karin.stampis.com\/blog\/wp-content\/uploads\/2014\/02\/DSC_0044.jpg 600w, http:\/\/karin.stampis.com\/blog\/wp-content\/uploads\/2014\/02\/DSC_0044-150x150.jpg 150w, http:\/\/karin.stampis.com\/blog\/wp-content\/uploads\/2014\/02\/DSC_0044-360x360.jpg 360w\" sizes=\"auto, (max-width: 600px) 100vw, 600px\" \/><\/a> <a href=\"http:\/\/karin.stampis.com\/blog\/wp-content\/uploads\/2014\/02\/DSC_0046.jpg\"><img loading=\"lazy\" decoding=\"async\" class=\"aligncenter size-full wp-image-17975\" alt=\"DSC_0046\" src=\"http:\/\/karin.stampis.com\/blog\/wp-content\/uploads\/2014\/02\/DSC_0046.jpg\" width=\"600\" height=\"600\" srcset=\"http:\/\/karin.stampis.com\/blog\/wp-content\/uploads\/2014\/02\/DSC_0046.jpg 600w, http:\/\/karin.stampis.com\/blog\/wp-content\/uploads\/2014\/02\/DSC_0046-150x150.jpg 150w, http:\/\/karin.stampis.com\/blog\/wp-content\/uploads\/2014\/02\/DSC_0046-360x360.jpg 360w\" sizes=\"auto, (max-width: 600px) 100vw, 600px\" \/><\/a><em>P\u00e5 v\u00e4g till godisavdelningen \ud83d\ude09<\/em><\/p>\n","protected":false},"excerpt":{"rendered":"<p>Alfred n\u00f6jer sig oftast inte med att sitta i barnvagnen. Han vill ut och g\u00e5 vart vi \u00e4n \u00e4r. H\u00e4romdagen var vi p\u00e5 bibblan. Det tyckte han var j\u00e4ttekul och vandrade uppf\u00f6r en l\u00e5ng trappa som de har d\u00e4r. Vi &hellip; <a href=\"http:\/\/karin.stampis.com\/blog\/?p=17971\">Continue reading <span class=\"meta-nav\">&rarr;<\/span><\/a><\/p>\n","protected":false},"author":1,"featured_media":0,"comment_status":"open","ping_status":"open","sticky":false,"template":"","format":"standard","meta":{"footnotes":""},"categories":[356,322,359],"tags":[],"class_list":["post-17971","post","type-post","status-publish","format-standard","hentry","category-356","category-alfred","category-februari-2014"],"_links":{"self":[{"href":"http:\/\/karin.stampis.com\/blog\/index.php?rest_route=\/wp\/v2\/posts\/17971","targetHints":{"allow":["GET"]}}],"collection":[{"href":"http:\/\/karin.stampis.com\/blog\/index.php?rest_route=\/wp\/v2\/posts"}],"about":[{"href":"http:\/\/karin.stampis.com\/blog\/index.php?rest_route=\/wp\/v2\/types\/post"}],"author":[{"embeddable":true,"href":"http:\/\/karin.stampis.com\/blog\/index.php?rest_route=\/wp\/v2\/users\/1"}],"replies":[{"embeddable":true,"href":"http:\/\/karin.stampis.com\/blog\/index.php?rest_route=%2Fwp%2Fv2%2Fcomments&post=17971"}],"version-history":[{"count":7,"href":"http:\/\/karin.stampis.com\/blog\/index.php?rest_route=\/wp\/v2\/posts\/17971\/revisions"}],"predecessor-version":[{"id":17982,"href":"http:\/\/karin.stampis.com\/blog\/index.php?rest_route=\/wp\/v2\/posts\/17971\/revisions\/17982"}],"wp:attachment":[{"href":"http:\/\/karin.stampis.com\/blog\/index.php?rest_route=%2Fwp%2Fv2%2Fmedia&parent=17971"}],"wp:term":[{"taxonomy":"category","embeddable":true,"href":"http:\/\/karin.stampis.com\/blog\/index.php?rest_route=%2Fwp%2Fv2%2Fcategories&post=17971"},{"taxonomy":"post_tag","embeddable":true,"href":"http:\/\/karin.stampis.com\/blog\/index.php?rest_route=%2Fwp%2Fv2%2Ftags&post=17971"}],"curies":[{"name":"wp","href":"https:\/\/api.w.org\/{rel}","templated":true}]}}