{"id":18032,"date":"2014-02-23T21:07:27","date_gmt":"2014-02-23T20:07:27","guid":{"rendered":"http:\/\/karin.stampis.com\/blog\/?p=18032"},"modified":"2014-02-23T21:07:27","modified_gmt":"2014-02-23T20:07:27","slug":"alfred-16-manader","status":"publish","type":"post","link":"http:\/\/karin.stampis.com\/blog\/?p=18032","title":{"rendered":"Alfred 16 m\u00e5nader"},"content":{"rendered":"<p>Idag blir Alfred 16 m\u00e5nader. Under den senaste tiden k\u00e4nns det som att han utvecklas mycket mentalt och f\u00f6rst\u00e5r mycket mer. Han har \u00e4ven blivit mycket gosigare vilket \u00e4r kul \ud83d\ude42 &#8211; han sitter mer i kn\u00e4et och s\u00e5.<\/p>\n<p><a href=\"http:\/\/karin.stampis.com\/blog\/wp-content\/uploads\/2014\/02\/DSC_0158.jpg\"><img loading=\"lazy\" decoding=\"async\" class=\"aligncenter size-full wp-image-18035\" alt=\"DSC_0158\" src=\"http:\/\/karin.stampis.com\/blog\/wp-content\/uploads\/2014\/02\/DSC_0158.jpg\" width=\"600\" height=\"337\" srcset=\"http:\/\/karin.stampis.com\/blog\/wp-content\/uploads\/2014\/02\/DSC_0158.jpg 600w, http:\/\/karin.stampis.com\/blog\/wp-content\/uploads\/2014\/02\/DSC_0158-360x202.jpg 360w\" sizes=\"auto, (max-width: 600px) 100vw, 600px\" \/><\/a><\/p>\n<p>Han sitter \u00e4ven och pysslar och kollar i b\u00f6cker ibland. Innan var det helt om\u00f6jligt f\u00f6r d\u00e5 var han i r\u00f6relse hela tiden. Nu \u00e4r han bara i r\u00f6relse n\u00e4stan hela tiden \ud83d\ude09 . D\u00e5 han \u00e4r i r\u00f6relse s\u00e5 \u00f6ppnar han d\u00f6rrar, kl\u00e4ttrar upp i stolar, sitter p\u00e5 soffkanter etc.<\/p>\n<p><a href=\"http:\/\/karin.stampis.com\/blog\/wp-content\/uploads\/2014\/02\/DSC_0186.jpg\"><img loading=\"lazy\" decoding=\"async\" class=\"aligncenter size-full wp-image-18040\" alt=\"DSC_0186\" src=\"http:\/\/karin.stampis.com\/blog\/wp-content\/uploads\/2014\/02\/DSC_0186.jpg\" width=\"600\" height=\"284\" srcset=\"http:\/\/karin.stampis.com\/blog\/wp-content\/uploads\/2014\/02\/DSC_0186.jpg 600w, http:\/\/karin.stampis.com\/blog\/wp-content\/uploads\/2014\/02\/DSC_0186-360x170.jpg 360w\" sizes=\"auto, (max-width: 600px) 100vw, 600px\" \/><\/a><\/p>\n<p style=\"text-align: center;\"><em>P\u00e5 soffkanten<\/em><\/p>\n<p>Han gillar att st\u00e5 och kolla ut genom f\u00f6nstret d\u00e5 vi \u00e4r p\u00e5 landet och kommentera bilarna.<\/p>\n<p><a href=\"http:\/\/karin.stampis.com\/blog\/wp-content\/uploads\/2014\/02\/IMG_2813.jpg\"><img loading=\"lazy\" decoding=\"async\" class=\"aligncenter size-full wp-image-18044\" alt=\"IMG_2813\" src=\"http:\/\/karin.stampis.com\/blog\/wp-content\/uploads\/2014\/02\/IMG_2813.jpg\" width=\"600\" height=\"487\" srcset=\"http:\/\/karin.stampis.com\/blog\/wp-content\/uploads\/2014\/02\/IMG_2813.jpg 600w, http:\/\/karin.stampis.com\/blog\/wp-content\/uploads\/2014\/02\/IMG_2813-360x292.jpg 360w\" sizes=\"auto, (max-width: 600px) 100vw, 600px\" \/><\/a>Bilar \u00e4r han fortfarande helt tokig i, ser han bilar p\u00e5 tv pekar han och g\u00f6r ljud. Ljud f\u00f6rresten, det \u00e4r n\u00e5got som han g\u00f6r mycket. \u00c4ven om det inte \u00e4r m\u00e5nga ord s\u00e5 \u00e4r det mycket (och h\u00f6ga) l\u00e4ten som kommer ur den lilla munnen. Han pekar, gestikulerar och g\u00f6r l\u00e4ten f\u00f6r att f\u00f6rs\u00f6ka g\u00f6ra sig f\u00f6rst\u00e5dd. Vilket han inte alltid blir :p . Han visar mer k\u00e4nslor och kan bli arg och sur d\u00e5 saker inte funkar. De orden som han s\u00e4ger \u00e4r mest &#8220;mommo&#8221; (mormor), mama (mamma), baba (pappa) och vov vov (?). Men han f\u00f6rst\u00e5r desto mer, han kan f\u00f6lja enkla instruktioner och \u00e4r en bra hj\u00e4lp d\u00e5 man ska sortera tv\u00e4tt, flytta sm\u00e5saker etc, ge saker till n\u00e5gon, sl\u00e4nga skr\u00e4p i sopkorgen etc. ;).<\/p>\n<p>Han tycker fortfarande inte att det \u00e4r s\u00e5 kul att \u00e4ta. F\u00f6rutom d\u00e5 han kan tigga vid bordet som en liten hund :p. Eller d\u00e5 han kan \u00e4ta av n\u00e5gon annans mat:<\/p>\n<p><a href=\"http:\/\/karin.stampis.com\/blog\/wp-content\/uploads\/2014\/02\/DSC_0182.jpg\"><img loading=\"lazy\" decoding=\"async\" class=\"aligncenter size-full wp-image-18039\" alt=\"DSC_0182\" src=\"http:\/\/karin.stampis.com\/blog\/wp-content\/uploads\/2014\/02\/DSC_0182.jpg\" width=\"600\" height=\"542\" srcset=\"http:\/\/karin.stampis.com\/blog\/wp-content\/uploads\/2014\/02\/DSC_0182.jpg 600w, http:\/\/karin.stampis.com\/blog\/wp-content\/uploads\/2014\/02\/DSC_0182-360x325.jpg 360w\" sizes=\"auto, (max-width: 600px) 100vw, 600px\" \/><\/a><\/p>\n<p>Dricka gillar han d\u00e4remot, och allt som \u00e4r glas eller koppar eller liknar glas ska han dricka ur. Som min kopp med yoghurt som han snodde h\u00e4r.<\/p>\n<p><a href=\"http:\/\/karin.stampis.com\/blog\/wp-content\/uploads\/2014\/02\/DSC_0147-2.jpg\"><img loading=\"lazy\" decoding=\"async\" class=\"aligncenter size-full wp-image-18038\" alt=\"DSC_0147-2\" src=\"http:\/\/karin.stampis.com\/blog\/wp-content\/uploads\/2014\/02\/DSC_0147-2.jpg\" width=\"437\" height=\"600\" srcset=\"http:\/\/karin.stampis.com\/blog\/wp-content\/uploads\/2014\/02\/DSC_0147-2.jpg 437w, http:\/\/karin.stampis.com\/blog\/wp-content\/uploads\/2014\/02\/DSC_0147-2-262x360.jpg 262w\" sizes=\"auto, (max-width: 437px) 100vw, 437px\" \/><\/a><\/p>\n<p style=\"text-align: center;\">Oftast \u00e4r han en mycket glad liten kille \ud83d\ude42 !<\/p>\n<p><a href=\"http:\/\/karin.stampis.com\/blog\/wp-content\/uploads\/2014\/02\/DSC_0188.jpg\"><img loading=\"lazy\" decoding=\"async\" class=\"aligncenter size-full wp-image-18041\" alt=\"DSC_0188\" src=\"http:\/\/karin.stampis.com\/blog\/wp-content\/uploads\/2014\/02\/DSC_0188.jpg\" width=\"600\" height=\"484\" srcset=\"http:\/\/karin.stampis.com\/blog\/wp-content\/uploads\/2014\/02\/DSC_0188.jpg 600w, http:\/\/karin.stampis.com\/blog\/wp-content\/uploads\/2014\/02\/DSC_0188-360x290.jpg 360w\" sizes=\"auto, (max-width: 600px) 100vw, 600px\" \/><\/a><\/p>\n","protected":false},"excerpt":{"rendered":"<p>Idag blir Alfred 16 m\u00e5nader. Under den senaste tiden k\u00e4nns det som att han utvecklas mycket mentalt och f\u00f6rst\u00e5r mycket mer. Han har \u00e4ven blivit mycket gosigare vilket \u00e4r kul \ud83d\ude42 &#8211; han sitter mer i kn\u00e4et och s\u00e5. Han &hellip; <a href=\"http:\/\/karin.stampis.com\/blog\/?p=18032\">Continue reading <span class=\"meta-nav\">&rarr;<\/span><\/a><\/p>\n","protected":false},"author":1,"featured_media":0,"comment_status":"open","ping_status":"open","sticky":false,"template":"","format":"standard","meta":{"footnotes":""},"categories":[356,322,330,359],"tags":[],"class_list":["post-18032","post","type-post","status-publish","format-standard","hentry","category-356","category-alfred","category-fyller-manad","category-februari-2014"],"_links":{"self":[{"href":"http:\/\/karin.stampis.com\/blog\/index.php?rest_route=\/wp\/v2\/posts\/18032","targetHints":{"allow":["GET"]}}],"collection":[{"href":"http:\/\/karin.stampis.com\/blog\/index.php?rest_route=\/wp\/v2\/posts"}],"about":[{"href":"http:\/\/karin.stampis.com\/blog\/index.php?rest_route=\/wp\/v2\/types\/post"}],"author":[{"embeddable":true,"href":"http:\/\/karin.stampis.com\/blog\/index.php?rest_route=\/wp\/v2\/users\/1"}],"replies":[{"embeddable":true,"href":"http:\/\/karin.stampis.com\/blog\/index.php?rest_route=%2Fwp%2Fv2%2Fcomments&post=18032"}],"version-history":[{"count":9,"href":"http:\/\/karin.stampis.com\/blog\/index.php?rest_route=\/wp\/v2\/posts\/18032\/revisions"}],"predecessor-version":[{"id":18047,"href":"http:\/\/karin.stampis.com\/blog\/index.php?rest_route=\/wp\/v2\/posts\/18032\/revisions\/18047"}],"wp:attachment":[{"href":"http:\/\/karin.stampis.com\/blog\/index.php?rest_route=%2Fwp%2Fv2%2Fmedia&parent=18032"}],"wp:term":[{"taxonomy":"category","embeddable":true,"href":"http:\/\/karin.stampis.com\/blog\/index.php?rest_route=%2Fwp%2Fv2%2Fcategories&post=18032"},{"taxonomy":"post_tag","embeddable":true,"href":"http:\/\/karin.stampis.com\/blog\/index.php?rest_route=%2Fwp%2Fv2%2Ftags&post=18032"}],"curies":[{"name":"wp","href":"https:\/\/api.w.org\/{rel}","templated":true}]}}