{"id":18055,"date":"2014-02-25T19:59:02","date_gmt":"2014-02-25T18:59:02","guid":{"rendered":"http:\/\/karin.stampis.com\/blog\/?p=18055"},"modified":"2014-02-25T19:59:02","modified_gmt":"2014-02-25T18:59:02","slug":"farfar-pa-besok","status":"publish","type":"post","link":"http:\/\/karin.stampis.com\/blog\/?p=18055","title":{"rendered":"Farfar p\u00e5 bes\u00f6k"},"content":{"rendered":"<p>Alfred har f\u00e5tt mycket tid med sina seniorp\u00e4ron p\u00e5 sistone. F\u00f6rra onsdagen kom Alfreds morfar till Malm\u00f6, och lite senare \u00e5kte vi\u00a0 alla till landet och mormor och h\u00e4ngde d\u00e4r n\u00e5gra dagar. P\u00e5 m\u00e5ndagen h\u00e4mtade vi upp farfar som ska stanna h\u00e4r n\u00e5gra dagar, och p\u00e5 l\u00f6rdag ska Alfred till landet igen och vara helt sj\u00e4lv med mormor&amp;morfar n\u00e5gra dagar eftersom jag ska iv\u00e4g till det stora landet i v\u00e4ster. Alfred tycker bara det \u00e4r kul, han \u00e4lskar att h\u00e4nga med seniorp\u00e4ronen! Nog mer \u00e4n att h\u00e4nga med p\u00e4ronen, haha \ud83d\ude09<\/p>\n<p><a href=\"http:\/\/karin.stampis.com\/blog\/wp-content\/uploads\/2014\/02\/DSC_1128.jpg\"><img loading=\"lazy\" decoding=\"async\" class=\"aligncenter size-full wp-image-18056\" alt=\"DSC_1128\" src=\"http:\/\/karin.stampis.com\/blog\/wp-content\/uploads\/2014\/02\/DSC_1128.jpg\" width=\"423\" height=\"600\" srcset=\"http:\/\/karin.stampis.com\/blog\/wp-content\/uploads\/2014\/02\/DSC_1128.jpg 423w, http:\/\/karin.stampis.com\/blog\/wp-content\/uploads\/2014\/02\/DSC_1128-253x360.jpg 253w\" sizes=\"auto, (max-width: 423px) 100vw, 423px\" \/><\/a> <a href=\"http:\/\/karin.stampis.com\/blog\/wp-content\/uploads\/2014\/02\/DSC_1132.jpg\"><img loading=\"lazy\" decoding=\"async\" class=\"aligncenter size-full wp-image-18057\" alt=\"DSC_1132\" src=\"http:\/\/karin.stampis.com\/blog\/wp-content\/uploads\/2014\/02\/DSC_1132.jpg\" width=\"427\" height=\"600\" srcset=\"http:\/\/karin.stampis.com\/blog\/wp-content\/uploads\/2014\/02\/DSC_1132.jpg 427w, http:\/\/karin.stampis.com\/blog\/wp-content\/uploads\/2014\/02\/DSC_1132-256x360.jpg 256w\" sizes=\"auto, (max-width: 427px) 100vw, 427px\" \/><\/a><\/p>\n","protected":false},"excerpt":{"rendered":"<p>Alfred har f\u00e5tt mycket tid med sina seniorp\u00e4ron p\u00e5 sistone. F\u00f6rra onsdagen kom Alfreds morfar till Malm\u00f6, och lite senare \u00e5kte vi\u00a0 alla till landet och mormor och h\u00e4ngde d\u00e4r n\u00e5gra dagar. P\u00e5 m\u00e5ndagen h\u00e4mtade vi upp farfar som ska &hellip; <a href=\"http:\/\/karin.stampis.com\/blog\/?p=18055\">Continue reading <span class=\"meta-nav\">&rarr;<\/span><\/a><\/p>\n","protected":false},"author":1,"featured_media":0,"comment_status":"open","ping_status":"open","sticky":false,"template":"","format":"standard","meta":{"footnotes":""},"categories":[356,322,359],"tags":[],"class_list":["post-18055","post","type-post","status-publish","format-standard","hentry","category-356","category-alfred","category-februari-2014"],"_links":{"self":[{"href":"http:\/\/karin.stampis.com\/blog\/index.php?rest_route=\/wp\/v2\/posts\/18055","targetHints":{"allow":["GET"]}}],"collection":[{"href":"http:\/\/karin.stampis.com\/blog\/index.php?rest_route=\/wp\/v2\/posts"}],"about":[{"href":"http:\/\/karin.stampis.com\/blog\/index.php?rest_route=\/wp\/v2\/types\/post"}],"author":[{"embeddable":true,"href":"http:\/\/karin.stampis.com\/blog\/index.php?rest_route=\/wp\/v2\/users\/1"}],"replies":[{"embeddable":true,"href":"http:\/\/karin.stampis.com\/blog\/index.php?rest_route=%2Fwp%2Fv2%2Fcomments&post=18055"}],"version-history":[{"count":2,"href":"http:\/\/karin.stampis.com\/blog\/index.php?rest_route=\/wp\/v2\/posts\/18055\/revisions"}],"predecessor-version":[{"id":18059,"href":"http:\/\/karin.stampis.com\/blog\/index.php?rest_route=\/wp\/v2\/posts\/18055\/revisions\/18059"}],"wp:attachment":[{"href":"http:\/\/karin.stampis.com\/blog\/index.php?rest_route=%2Fwp%2Fv2%2Fmedia&parent=18055"}],"wp:term":[{"taxonomy":"category","embeddable":true,"href":"http:\/\/karin.stampis.com\/blog\/index.php?rest_route=%2Fwp%2Fv2%2Fcategories&post=18055"},{"taxonomy":"post_tag","embeddable":true,"href":"http:\/\/karin.stampis.com\/blog\/index.php?rest_route=%2Fwp%2Fv2%2Ftags&post=18055"}],"curies":[{"name":"wp","href":"https:\/\/api.w.org\/{rel}","templated":true}]}}