{"id":18108,"date":"2014-03-12T20:33:25","date_gmt":"2014-03-12T19:33:25","guid":{"rendered":"http:\/\/karin.stampis.com\/blog\/?p=18108"},"modified":"2014-03-12T20:33:25","modified_gmt":"2014-03-12T19:33:25","slug":"kvallspromenader-2","status":"publish","type":"post","link":"http:\/\/karin.stampis.com\/blog\/?p=18108","title":{"rendered":"Kv\u00e4llspromenader"},"content":{"rendered":"<p>Det har varit ett h\u00e4rligt kv\u00e4llsljus under de senaste dagarna, och vi har passat p\u00e5 att ta lite kv\u00e4llspromenader. Alfred vill hellre g\u00e5 bredvid barnvagnen \u00e4n sitta i den. \u00c4n hellre s\u00e5 vill han jaga \u00e4nder\/g\u00e4ss. Eller jaga bilar.Eller f\u00f6rs\u00f6ka sl\u00e5 en kullerbytta ner i\u00a0 kanalen. o.s.v.<\/p>\n<p>Fotona nedan \u00e4r dock fr\u00e5n landet fr\u00e5n f\u00f6rra helgen.<\/p>\n<p><a href=\"http:\/\/karin.stampis.com\/blog\/wp-content\/uploads\/2014\/03\/DSC_0251.jpg\"><img loading=\"lazy\" decoding=\"async\" class=\"aligncenter size-full wp-image-18110\" alt=\"DSC_0251\" src=\"http:\/\/karin.stampis.com\/blog\/wp-content\/uploads\/2014\/03\/DSC_0251.jpg\" width=\"600\" height=\"380\" srcset=\"http:\/\/karin.stampis.com\/blog\/wp-content\/uploads\/2014\/03\/DSC_0251.jpg 600w, http:\/\/karin.stampis.com\/blog\/wp-content\/uploads\/2014\/03\/DSC_0251-360x228.jpg 360w\" sizes=\"auto, (max-width: 600px) 100vw, 600px\" \/><\/a><\/p>\n<p style=\"text-align: center;\"><em> Stor och liten<\/em><\/p>\n<p style=\"text-align: center;\"><a href=\"http:\/\/karin.stampis.com\/blog\/wp-content\/uploads\/2014\/03\/DSC_0248.jpg\"><img loading=\"lazy\" decoding=\"async\" class=\"aligncenter size-full wp-image-18109\" alt=\"DSC_0248\" src=\"http:\/\/karin.stampis.com\/blog\/wp-content\/uploads\/2014\/03\/DSC_0248.jpg\" width=\"600\" height=\"302\" srcset=\"http:\/\/karin.stampis.com\/blog\/wp-content\/uploads\/2014\/03\/DSC_0248.jpg 600w, http:\/\/karin.stampis.com\/blog\/wp-content\/uploads\/2014\/03\/DSC_0248-360x181.jpg 360w\" sizes=\"auto, (max-width: 600px) 100vw, 600px\" \/><\/a><em>Alfred hj\u00e4lper g\u00e4rna till med barnvagnen<\/em><\/p>\n","protected":false},"excerpt":{"rendered":"<p>Det har varit ett h\u00e4rligt kv\u00e4llsljus under de senaste dagarna, och vi har passat p\u00e5 att ta lite kv\u00e4llspromenader. Alfred vill hellre g\u00e5 bredvid barnvagnen \u00e4n sitta i den. \u00c4n hellre s\u00e5 vill han jaga \u00e4nder\/g\u00e4ss. Eller jaga bilar.Eller f\u00f6rs\u00f6ka &hellip; <a href=\"http:\/\/karin.stampis.com\/blog\/?p=18108\">Continue reading <span class=\"meta-nav\">&rarr;<\/span><\/a><\/p>\n","protected":false},"author":1,"featured_media":0,"comment_status":"open","ping_status":"open","sticky":false,"template":"","format":"standard","meta":{"footnotes":""},"categories":[356,322,360],"tags":[],"class_list":["post-18108","post","type-post","status-publish","format-standard","hentry","category-356","category-alfred","category-mars-2014"],"_links":{"self":[{"href":"http:\/\/karin.stampis.com\/blog\/index.php?rest_route=\/wp\/v2\/posts\/18108","targetHints":{"allow":["GET"]}}],"collection":[{"href":"http:\/\/karin.stampis.com\/blog\/index.php?rest_route=\/wp\/v2\/posts"}],"about":[{"href":"http:\/\/karin.stampis.com\/blog\/index.php?rest_route=\/wp\/v2\/types\/post"}],"author":[{"embeddable":true,"href":"http:\/\/karin.stampis.com\/blog\/index.php?rest_route=\/wp\/v2\/users\/1"}],"replies":[{"embeddable":true,"href":"http:\/\/karin.stampis.com\/blog\/index.php?rest_route=%2Fwp%2Fv2%2Fcomments&post=18108"}],"version-history":[{"count":2,"href":"http:\/\/karin.stampis.com\/blog\/index.php?rest_route=\/wp\/v2\/posts\/18108\/revisions"}],"predecessor-version":[{"id":18112,"href":"http:\/\/karin.stampis.com\/blog\/index.php?rest_route=\/wp\/v2\/posts\/18108\/revisions\/18112"}],"wp:attachment":[{"href":"http:\/\/karin.stampis.com\/blog\/index.php?rest_route=%2Fwp%2Fv2%2Fmedia&parent=18108"}],"wp:term":[{"taxonomy":"category","embeddable":true,"href":"http:\/\/karin.stampis.com\/blog\/index.php?rest_route=%2Fwp%2Fv2%2Fcategories&post=18108"},{"taxonomy":"post_tag","embeddable":true,"href":"http:\/\/karin.stampis.com\/blog\/index.php?rest_route=%2Fwp%2Fv2%2Ftags&post=18108"}],"curies":[{"name":"wp","href":"https:\/\/api.w.org\/{rel}","templated":true}]}}