{"id":18276,"date":"2014-05-04T14:00:35","date_gmt":"2014-05-04T13:00:35","guid":{"rendered":"http:\/\/karin.stampis.com\/blog\/?p=18276"},"modified":"2014-05-04T14:06:59","modified_gmt":"2014-05-04T13:06:59","slug":"langhelg-2","status":"publish","type":"post","link":"http:\/\/karin.stampis.com\/blog\/?p=18276","title":{"rendered":"L\u00e5nghelg"},"content":{"rendered":"<p>G\u00f6tt med en l\u00e5nghelg \ud83d\ude42 . Har hunnit med en hel del packning (helt sjukt vad med tid det tar att packa &#8211; finns alltid n\u00e5got att g\u00f6ra). Har \u00e4ven planerat vart vi ska s\u00e4tta alla m\u00f6blerna i nya huset, och sk\u00f6nt nog s\u00e5 verkar det mesta som vi t\u00e4nkte spara p\u00e5 kunna f\u00e5 plats. \u00c4ven om boytan \u00e4r st\u00f6rre s\u00e5 finns det lite mindre m\u00f6bleringsbar plats, d\u00e5 planl\u00f6sningen \u00e4r mer \u00f6ppen \u00e4n vad den \u00e4r i v\u00e5r l\u00e4genhet. Ska bli s\u00e5 g\u00f6tt att flytta, men det tar v\u00e4ldigt mycket tid med allt fixande inf\u00f6r flytten. Ska bli sk\u00f6nt att slippa ytterligare en sommar h\u00e4r &#8211; l\u00e4genheten blir s\u00e5 vansinnigt varm p\u00e5 sommaren. Nu \u00e4r det 11 grader ute och jag sitter i linne och kjol och svettas.<\/p>\n<p>Har haft s\u00e5 mycket att g\u00f6ra p\u00e5 sistone med husk\u00f6p, flyttfix, det ##%&amp; ans\u00f6kningsskrivandet, jobbresor etc. Stress. S\u00e5 har inte hunnit med att g\u00f6ra saker s\u00e5som blogga, se p\u00e5 film, laga mat, l\u00e4sa, tr\u00e4na, vara en chillad f\u00f6r\u00e4lder och njuta av livet i st\u00f6rsta allm\u00e4nhet. Men delar av det har jag hunnit med nu under l\u00e5nghelgen, s\u00e5 sk\u00f6nt. Livet handlar verkligen inte om att ha s\u00e5 fulltecknat schema som m\u00f6jligt (snarare tv\u00e4rtom, haha). Och man m\u00e4rker p\u00e5 Alfred att han blir s\u00e5 mycket gladare av att ha en lite mer chillad morsa. Han har varit p\u00e5 riktigt bra hum\u00f6r i helgen, lilla solstr\u00e5len \u2665<\/p>\n<p style=\"text-align: center;\"><a href=\"http:\/\/karin.stampis.com\/blog\/wp-content\/uploads\/2014\/05\/buse.jpg\"><img loading=\"lazy\" decoding=\"async\" class=\"aligncenter size-full wp-image-18293\" alt=\"buse\" src=\"http:\/\/karin.stampis.com\/blog\/wp-content\/uploads\/2014\/05\/buse.jpg\" width=\"324\" height=\"600\" \/><\/a><em>Lite suddig bild &#8211; det \u00e4r sv\u00e5rt att f\u00e5 ett skarpt foto p\u00e5 Alfreds &#8220;bus-min&#8221; eftersom den alltid g\u00f6rs i r\u00f6relse.<\/em><\/p>\n<p style=\"text-align: center;\">\n","protected":false},"excerpt":{"rendered":"<p>G\u00f6tt med en l\u00e5nghelg \ud83d\ude42 . Har hunnit med en hel del packning (helt sjukt vad med tid det tar att packa &#8211; finns alltid n\u00e5got att g\u00f6ra). Har \u00e4ven planerat vart vi ska s\u00e4tta alla m\u00f6blerna i nya huset, &hellip; <a href=\"http:\/\/karin.stampis.com\/blog\/?p=18276\">Continue reading <span class=\"meta-nav\">&rarr;<\/span><\/a><\/p>\n","protected":false},"author":1,"featured_media":0,"comment_status":"open","ping_status":"open","sticky":false,"template":"","format":"standard","meta":{"footnotes":""},"categories":[356,322,364],"tags":[],"class_list":["post-18276","post","type-post","status-publish","format-standard","hentry","category-356","category-alfred","category-maj-2014"],"_links":{"self":[{"href":"http:\/\/karin.stampis.com\/blog\/index.php?rest_route=\/wp\/v2\/posts\/18276","targetHints":{"allow":["GET"]}}],"collection":[{"href":"http:\/\/karin.stampis.com\/blog\/index.php?rest_route=\/wp\/v2\/posts"}],"about":[{"href":"http:\/\/karin.stampis.com\/blog\/index.php?rest_route=\/wp\/v2\/types\/post"}],"author":[{"embeddable":true,"href":"http:\/\/karin.stampis.com\/blog\/index.php?rest_route=\/wp\/v2\/users\/1"}],"replies":[{"embeddable":true,"href":"http:\/\/karin.stampis.com\/blog\/index.php?rest_route=%2Fwp%2Fv2%2Fcomments&post=18276"}],"version-history":[{"count":4,"href":"http:\/\/karin.stampis.com\/blog\/index.php?rest_route=\/wp\/v2\/posts\/18276\/revisions"}],"predecessor-version":[{"id":18296,"href":"http:\/\/karin.stampis.com\/blog\/index.php?rest_route=\/wp\/v2\/posts\/18276\/revisions\/18296"}],"wp:attachment":[{"href":"http:\/\/karin.stampis.com\/blog\/index.php?rest_route=%2Fwp%2Fv2%2Fmedia&parent=18276"}],"wp:term":[{"taxonomy":"category","embeddable":true,"href":"http:\/\/karin.stampis.com\/blog\/index.php?rest_route=%2Fwp%2Fv2%2Fcategories&post=18276"},{"taxonomy":"post_tag","embeddable":true,"href":"http:\/\/karin.stampis.com\/blog\/index.php?rest_route=%2Fwp%2Fv2%2Ftags&post=18276"}],"curies":[{"name":"wp","href":"https:\/\/api.w.org\/{rel}","templated":true}]}}