{"id":183,"date":"2008-10-24T19:32:47","date_gmt":"2008-10-24T17:32:47","guid":{"rendered":"http:\/\/karin.stampis.com\/blog\/?p=183"},"modified":"2008-10-28T22:27:43","modified_gmt":"2008-10-28T20:27:43","slug":"favorit-i-repris","status":"publish","type":"post","link":"http:\/\/karin.stampis.com\/blog\/?p=183","title":{"rendered":"Favorit i repris"},"content":{"rendered":"<p>P\u00e5 sistone har min fina svit p\u00e5 egenh\u00e4ndigt fixade middagar hela weekenden kommit p\u00e5 skam. Inte s\u00e5 mycket beroende p\u00e5 att jag inte orkar laga mat, utan helt enkelt f\u00f6r att jag inte pallar handla den. F\u00f6r andra veckan i rad har vi myglat och flyttat m\u00e5ndags\/tisdagshandlandet till l\u00f6rdag morgon, och pasta med ketchup k\u00e4nns inte rikitgt som en v\u00e4rdig fredagsr\u00e4tt. S\u00e5 d\u00e4rf\u00f6r blir det sushi igen \u2013 man f\u00e5r passa p\u00e5 d\u00e5 man kan, om en avl\u00e4gsen framtid kanske vi bor p\u00e5 vishan och d\u00e5 \u00e4r det inte s\u00e5 n\u00e4ra till sushist\u00e4llena\u2026<\/p>\n<p>Det blev bubbel till, mest d\u00e4rf\u00f6r att vi hade det, men inget vitt vin, hemma och jag (\u00e5terigen) var f\u00f6r sl\u00f6 att handla. Hur orkade d\u00e5 sl\u00f6fockarna ta sig iv\u00e4g och h\u00e4mta upp sushin? Jo, sushi-st\u00e4llet ligger n\u00e4stan p\u00e5 v\u00e4gen hem fr\u00e5n bussen s\u00e5 Jimmy plockade upp det p\u00e5v\u00e4g hem fr\u00e5n jobbet..<\/p>\n<p>B\u00e5de sushi och bubbel var supergott \ud83d\ude42<\/p>\n<p><a href=\"http:\/\/karin.stampis.com\/blog\/wp-content\/uploads\/2008\/10\/2008-0531.jpg\"><img loading=\"lazy\" decoding=\"async\" class=\"aligncenter size-medium wp-image-261\" title=\"2008-0531\" src=\"http:\/\/karin.stampis.com\/blog\/wp-content\/uploads\/2008\/10\/2008-0531-300x225.jpg\" alt=\"\" width=\"300\" height=\"225\" srcset=\"http:\/\/karin.stampis.com\/blog\/wp-content\/uploads\/2008\/10\/2008-0531-300x225.jpg 300w, http:\/\/karin.stampis.com\/blog\/wp-content\/uploads\/2008\/10\/2008-0531.jpg 1824w\" sizes=\"auto, (max-width: 300px) 100vw, 300px\" \/><\/a><\/p>\n","protected":false},"excerpt":{"rendered":"<p>P\u00e5 sistone har min fina svit p\u00e5 egenh\u00e4ndigt fixade middagar hela weekenden kommit p\u00e5 skam. Inte s\u00e5 mycket beroende p\u00e5 att jag inte orkar laga mat, utan helt enkelt f\u00f6r att jag inte pallar handla den. F\u00f6r andra veckan i &hellip; <a href=\"http:\/\/karin.stampis.com\/blog\/?p=183\">Continue reading <span class=\"meta-nav\">&rarr;<\/span><\/a><\/p>\n","protected":false},"author":1,"featured_media":0,"comment_status":"open","ping_status":"open","sticky":false,"template":"","format":"standard","meta":{"footnotes":""},"categories":[5],"tags":[44,21],"class_list":["post-183","post","type-post","status-publish","format-standard","hentry","category-oktober-2008","tag-bubbel","tag-sushi"],"_links":{"self":[{"href":"http:\/\/karin.stampis.com\/blog\/index.php?rest_route=\/wp\/v2\/posts\/183","targetHints":{"allow":["GET"]}}],"collection":[{"href":"http:\/\/karin.stampis.com\/blog\/index.php?rest_route=\/wp\/v2\/posts"}],"about":[{"href":"http:\/\/karin.stampis.com\/blog\/index.php?rest_route=\/wp\/v2\/types\/post"}],"author":[{"embeddable":true,"href":"http:\/\/karin.stampis.com\/blog\/index.php?rest_route=\/wp\/v2\/users\/1"}],"replies":[{"embeddable":true,"href":"http:\/\/karin.stampis.com\/blog\/index.php?rest_route=%2Fwp%2Fv2%2Fcomments&post=183"}],"version-history":[{"count":6,"href":"http:\/\/karin.stampis.com\/blog\/index.php?rest_route=\/wp\/v2\/posts\/183\/revisions"}],"predecessor-version":[{"id":262,"href":"http:\/\/karin.stampis.com\/blog\/index.php?rest_route=\/wp\/v2\/posts\/183\/revisions\/262"}],"wp:attachment":[{"href":"http:\/\/karin.stampis.com\/blog\/index.php?rest_route=%2Fwp%2Fv2%2Fmedia&parent=183"}],"wp:term":[{"taxonomy":"category","embeddable":true,"href":"http:\/\/karin.stampis.com\/blog\/index.php?rest_route=%2Fwp%2Fv2%2Fcategories&post=183"},{"taxonomy":"post_tag","embeddable":true,"href":"http:\/\/karin.stampis.com\/blog\/index.php?rest_route=%2Fwp%2Fv2%2Ftags&post=183"}],"curies":[{"name":"wp","href":"https:\/\/api.w.org\/{rel}","templated":true}]}}