{"id":18419,"date":"2014-06-09T19:25:41","date_gmt":"2014-06-09T18:25:41","guid":{"rendered":"http:\/\/karin.stampis.com\/blog\/?p=18419"},"modified":"2014-06-09T19:25:41","modified_gmt":"2014-06-09T18:25:41","slug":"nara-nara","status":"publish","type":"post","link":"http:\/\/karin.stampis.com\/blog\/?p=18419","title":{"rendered":"N\u00e4ra n\u00e4ra"},"content":{"rendered":"<p>Nu \u00e4r den n\u00e4ra, v\u00e5r flytt! Sp\u00e4nnande! Och som jag skrivit tidigare s\u00e5 \u00e4r det fullt upp med flyttfix, d\u00e4rav lite glest mellan blogginl\u00e4ggen. F\u00f6rs\u00f6kte estimera hur mycket tid vi lagt p\u00e5 flyttfix &#8211; sv\u00e5rt att s\u00e4ga exakt men en rej\u00e4l bit \u00f6ver 100h iaf (och d\u00e5 har vi inte ens gjort sj\u00e4lva flytten eller packat upp :p).\u00a0 Jag har lovat v\u00e5r lille f\u00f6rsummade kille att han ska f\u00e5 g\u00f6ra en massa roliga saker till semestern ist\u00e4llet. Men man ska kanske inte ha s\u00e5 d\u00e5ligt samvete &#8211; han roar sig iaf med flyttl\u00e5dorna \ud83d\ude09<\/p>\n<p style=\"text-align: center;\"><a href=\"http:\/\/karin.stampis.com\/blog\/wp-content\/uploads\/2014\/06\/DSC_0346.jpg\"><img loading=\"lazy\" decoding=\"async\" class=\"aligncenter  wp-image-18420\" alt=\"DSC_0346\" src=\"http:\/\/karin.stampis.com\/blog\/wp-content\/uploads\/2014\/06\/DSC_0346.jpg\" width=\"420\" height=\"342\" \/><\/a><\/p>\n<p style=\"text-align: center;\"><img loading=\"lazy\" decoding=\"async\" class=\"aligncenter  wp-image-18423\" alt=\"DSC_0349\" src=\"http:\/\/karin.stampis.com\/blog\/wp-content\/uploads\/2014\/06\/DSC_03491.jpg\" width=\"420\" height=\"207\" \/><\/p>\n<p style=\"text-align: center;\"><a href=\"http:\/\/karin.stampis.com\/blog\/wp-content\/uploads\/2014\/06\/DSC_0350.jpg\"><img loading=\"lazy\" decoding=\"async\" class=\"aligncenter  wp-image-18421\" alt=\"DSC_0350\" src=\"http:\/\/karin.stampis.com\/blog\/wp-content\/uploads\/2014\/06\/DSC_0350.jpg\" width=\"420\" height=\"251\" \/><\/a><\/p>\n<p>&nbsp;<\/p>\n","protected":false},"excerpt":{"rendered":"<p>Nu \u00e4r den n\u00e4ra, v\u00e5r flytt! Sp\u00e4nnande! Och som jag skrivit tidigare s\u00e5 \u00e4r det fullt upp med flyttfix, d\u00e4rav lite glest mellan blogginl\u00e4ggen. F\u00f6rs\u00f6kte estimera hur mycket tid vi lagt p\u00e5 flyttfix &#8211; sv\u00e5rt att s\u00e4ga exakt men en &hellip; <a href=\"http:\/\/karin.stampis.com\/blog\/?p=18419\">Continue reading <span class=\"meta-nav\">&rarr;<\/span><\/a><\/p>\n","protected":false},"author":1,"featured_media":0,"comment_status":"open","ping_status":"open","sticky":false,"template":"","format":"standard","meta":{"footnotes":""},"categories":[356,322,365],"tags":[],"class_list":["post-18419","post","type-post","status-publish","format-standard","hentry","category-356","category-alfred","category-juni-2014"],"_links":{"self":[{"href":"http:\/\/karin.stampis.com\/blog\/index.php?rest_route=\/wp\/v2\/posts\/18419","targetHints":{"allow":["GET"]}}],"collection":[{"href":"http:\/\/karin.stampis.com\/blog\/index.php?rest_route=\/wp\/v2\/posts"}],"about":[{"href":"http:\/\/karin.stampis.com\/blog\/index.php?rest_route=\/wp\/v2\/types\/post"}],"author":[{"embeddable":true,"href":"http:\/\/karin.stampis.com\/blog\/index.php?rest_route=\/wp\/v2\/users\/1"}],"replies":[{"embeddable":true,"href":"http:\/\/karin.stampis.com\/blog\/index.php?rest_route=%2Fwp%2Fv2%2Fcomments&post=18419"}],"version-history":[{"count":2,"href":"http:\/\/karin.stampis.com\/blog\/index.php?rest_route=\/wp\/v2\/posts\/18419\/revisions"}],"predecessor-version":[{"id":18425,"href":"http:\/\/karin.stampis.com\/blog\/index.php?rest_route=\/wp\/v2\/posts\/18419\/revisions\/18425"}],"wp:attachment":[{"href":"http:\/\/karin.stampis.com\/blog\/index.php?rest_route=%2Fwp%2Fv2%2Fmedia&parent=18419"}],"wp:term":[{"taxonomy":"category","embeddable":true,"href":"http:\/\/karin.stampis.com\/blog\/index.php?rest_route=%2Fwp%2Fv2%2Fcategories&post=18419"},{"taxonomy":"post_tag","embeddable":true,"href":"http:\/\/karin.stampis.com\/blog\/index.php?rest_route=%2Fwp%2Fv2%2Ftags&post=18419"}],"curies":[{"name":"wp","href":"https:\/\/api.w.org\/{rel}","templated":true}]}}