{"id":18426,"date":"2014-06-10T06:27:55","date_gmt":"2014-06-10T05:27:55","guid":{"rendered":"http:\/\/karin.stampis.com\/blog\/?p=18426"},"modified":"2014-06-09T19:34:04","modified_gmt":"2014-06-09T18:34:04","slug":"sista-kvallspromenaden-i-var-park-i-malmo","status":"publish","type":"post","link":"http:\/\/karin.stampis.com\/blog\/?p=18426","title":{"rendered":"Sista kv\u00e4llspromenaden i v\u00e5r park i Malm\u00f6&#8230;"},"content":{"rendered":"<p>..(som malm\u00f6bor) tror jag att det blev i s\u00f6ndags. Sv\u00e5rt att t\u00e4nka mig att det blir tid idag d\u00e5 jag har en l\u00e5ng jobbdag och imorgon och fram\u00f6ver s\u00e5 bor vi inte h\u00e4r l\u00e4ngre.\u00a0 Alfred tittade p\u00e5 f\u00e5glar. I \u00f6vrigt ska han alltid springa iv\u00e4g fr\u00e5n oss, helt motsatt v\u00e4g, i full fart. Nu har han f\u00e5tt riktiga gympadojjor s\u00e5 han knatar p\u00e5 r\u00e4tt snabbt :p .<\/p>\n<p><a href=\"http:\/\/karin.stampis.com\/blog\/wp-content\/uploads\/2014\/06\/DSC_0337.jpg\"><img loading=\"lazy\" decoding=\"async\" class=\"aligncenter size-full wp-image-18427\" alt=\"DSC_0337\" src=\"http:\/\/karin.stampis.com\/blog\/wp-content\/uploads\/2014\/06\/DSC_0337.jpg\" width=\"600\" height=\"294\" \/><\/a><\/p>\n","protected":false},"excerpt":{"rendered":"<p>..(som malm\u00f6bor) tror jag att det blev i s\u00f6ndags. Sv\u00e5rt att t\u00e4nka mig att det blir tid idag d\u00e5 jag har en l\u00e5ng jobbdag och imorgon och fram\u00f6ver s\u00e5 bor vi inte h\u00e4r l\u00e4ngre.\u00a0 Alfred tittade p\u00e5 f\u00e5glar. I \u00f6vrigt &hellip; <a href=\"http:\/\/karin.stampis.com\/blog\/?p=18426\">Continue reading <span class=\"meta-nav\">&rarr;<\/span><\/a><\/p>\n","protected":false},"author":1,"featured_media":0,"comment_status":"open","ping_status":"open","sticky":false,"template":"","format":"standard","meta":{"footnotes":""},"categories":[356,322,365],"tags":[],"class_list":["post-18426","post","type-post","status-publish","format-standard","hentry","category-356","category-alfred","category-juni-2014"],"_links":{"self":[{"href":"http:\/\/karin.stampis.com\/blog\/index.php?rest_route=\/wp\/v2\/posts\/18426","targetHints":{"allow":["GET"]}}],"collection":[{"href":"http:\/\/karin.stampis.com\/blog\/index.php?rest_route=\/wp\/v2\/posts"}],"about":[{"href":"http:\/\/karin.stampis.com\/blog\/index.php?rest_route=\/wp\/v2\/types\/post"}],"author":[{"embeddable":true,"href":"http:\/\/karin.stampis.com\/blog\/index.php?rest_route=\/wp\/v2\/users\/1"}],"replies":[{"embeddable":true,"href":"http:\/\/karin.stampis.com\/blog\/index.php?rest_route=%2Fwp%2Fv2%2Fcomments&post=18426"}],"version-history":[{"count":3,"href":"http:\/\/karin.stampis.com\/blog\/index.php?rest_route=\/wp\/v2\/posts\/18426\/revisions"}],"predecessor-version":[{"id":18430,"href":"http:\/\/karin.stampis.com\/blog\/index.php?rest_route=\/wp\/v2\/posts\/18426\/revisions\/18430"}],"wp:attachment":[{"href":"http:\/\/karin.stampis.com\/blog\/index.php?rest_route=%2Fwp%2Fv2%2Fmedia&parent=18426"}],"wp:term":[{"taxonomy":"category","embeddable":true,"href":"http:\/\/karin.stampis.com\/blog\/index.php?rest_route=%2Fwp%2Fv2%2Fcategories&post=18426"},{"taxonomy":"post_tag","embeddable":true,"href":"http:\/\/karin.stampis.com\/blog\/index.php?rest_route=%2Fwp%2Fv2%2Ftags&post=18426"}],"curies":[{"name":"wp","href":"https:\/\/api.w.org\/{rel}","templated":true}]}}