{"id":18431,"date":"2014-06-15T22:08:16","date_gmt":"2014-06-15T21:08:16","guid":{"rendered":"http:\/\/karin.stampis.com\/blog\/?p=18431"},"modified":"2014-06-15T22:09:05","modified_gmt":"2014-06-15T21:09:05","slug":"inflyttade","status":"publish","type":"post","link":"http:\/\/karin.stampis.com\/blog\/?p=18431","title":{"rendered":"Inflyttade!"},"content":{"rendered":"<p>S\u00e5 har vi \u00e4ntligen flyttat \ud83d\ude00 ! Det har varit intensiva dagar men nu har vi b\u00f6rjat f\u00e5 ordning p\u00e5 huset. Vi trivs superbra \ud83d\ude00 !S\u00e5\u00e5\u00e5 sk\u00f6nt att l\u00e4mna l\u00e4genheten i Malm\u00f6 f\u00f6r ett hus p\u00e5 landet \ud83d\ude42 (inte hardcore p\u00e5 landet iofs utan i ett villaomr\u00e5de). Allt b\u00e4ttre \u00e4n i Malm\u00f6 (f\u00f6rutom att det var n\u00e4rmre till takeaway innan &#8211; men \u00e5 andra sidan har vi ett stort k\u00f6k nu). Allt \u00e4r nytt och fr\u00e4scht h\u00e4r, frisk luft, lugnt och tyst, egen tv\u00e4ttmaskin\/torktumlare, stort k\u00f6k, luftigt och \u00f6ppet,gr\u00f6nt utanf\u00f6r f\u00f6nstren, bra material &#8211; inga l\u00e4skiga plastgolv utan bara parkett\/klinker, egen uteplats, grannarna verkar trevliga och det finns massor av sm\u00e5ttingar som \u00e4r i Alfreds \u00e5lder. Ja, jag skulle kunna mala p\u00e5 hur l\u00e4nge som helst. Dessutom \u00e4r det en hel del billigare att bo som vi bor nu \u00e4n d\u00e5 vi bodde i Malm\u00f6, crazy (just nu iaf, r\u00e4ntel\u00e4get l\u00e4r ju inte vara f\u00f6r evigt).<\/p>\n<p>Det var en stor omst\u00e4llning f\u00f6r Alfred att flytta. Som den v\u00e4n av ordning som han \u00e4r blev han uppr\u00f6rd \u00f6ver att saker f\u00f6rsvann och flyttades i l\u00e4genheten. Han var i huset under tv\u00e5 dagar innan flytten. Han verkar gilla huset och omgivningarna, men det blev mycket nya intryck s\u00e5 han blev r\u00e4tt uppspelt\/tr\u00f6tt. Det han gillade absolut b\u00e4st med huset var (tyv\u00e4rr) trappan, och han blev skitf\u00f6rbannad d\u00e5 han inte fick g\u00e5 upp. Han var med d\u00e5 flyttlasset gick fr\u00e5n l\u00e4genheten. Han tyckte det var kul att kolla p\u00e5 flyttgubbarna men han blev ledsen \u00f6ver att han inte fick hj\u00e4lpa till. Sen var han i huset d\u00e5 flyttlassen kom fram. Det var sp\u00e4nnande men han tyckte att det var en himla oordning efter\u00e5t. Sen \u00e5kte ha hem med sin mormor&amp;morfar, och efter det s\u00e5 jobbade Jimmy och jag non-stop med att f\u00e5 ordning i huset. Nu har vi \u00e5kt till p\u00e4ronen f\u00f6r att h\u00e4mta Alfred igen &#8211; hoppas att han tycker att ordningen \u00e4r b\u00e4ttre nu \ud83d\ude09 (och nu har han f\u00e5tt ett eget rum p\u00e5 riktigt &#8211; det som skulle vara barnrummet i Malm\u00f6 var f\u00f6rst ett bl\u00f6jrum och sen ett flyttl\u00e5derum :p).<a href=\"http:\/\/karin.stampis.com\/blog\/wp-content\/uploads\/2014\/06\/IMG_3068.jpg\"><img loading=\"lazy\" decoding=\"async\" class=\"aligncenter size-full wp-image-18432\" alt=\"IMG_3068\" src=\"http:\/\/karin.stampis.com\/blog\/wp-content\/uploads\/2014\/06\/IMG_3068.jpg\" width=\"600\" height=\"400\" \/><\/a><\/p>\n<p style=\"text-align: center;\"><em>Parkett att leka p\u00e5 (och repa \ud83d\ude09 )<\/em><\/p>\n<p style=\"text-align: center;\"><em><\/em><a href=\"http:\/\/karin.stampis.com\/blog\/wp-content\/uploads\/2014\/06\/IMG_3057.jpg\"><img loading=\"lazy\" decoding=\"async\" class=\"aligncenter size-full wp-image-18433\" alt=\"IMG_3057\" src=\"http:\/\/karin.stampis.com\/blog\/wp-content\/uploads\/2014\/06\/IMG_3057.jpg\" width=\"600\" height=\"400\" \/><\/a> <em>Del av k\u00f6ket<br \/>\n<\/em><\/p>\n","protected":false},"excerpt":{"rendered":"<p>S\u00e5 har vi \u00e4ntligen flyttat \ud83d\ude00 ! Det har varit intensiva dagar men nu har vi b\u00f6rjat f\u00e5 ordning p\u00e5 huset. Vi trivs superbra \ud83d\ude00 !S\u00e5\u00e5\u00e5 sk\u00f6nt att l\u00e4mna l\u00e4genheten i Malm\u00f6 f\u00f6r ett hus p\u00e5 landet \ud83d\ude42 (inte hardcore &hellip; <a href=\"http:\/\/karin.stampis.com\/blog\/?p=18431\">Continue reading <span class=\"meta-nav\">&rarr;<\/span><\/a><\/p>\n","protected":false},"author":1,"featured_media":0,"comment_status":"open","ping_status":"open","sticky":false,"template":"","format":"standard","meta":{"footnotes":""},"categories":[356,322,347,365],"tags":[],"class_list":["post-18431","post","type-post","status-publish","format-standard","hentry","category-356","category-alfred","category-hus-2","category-juni-2014"],"_links":{"self":[{"href":"http:\/\/karin.stampis.com\/blog\/index.php?rest_route=\/wp\/v2\/posts\/18431","targetHints":{"allow":["GET"]}}],"collection":[{"href":"http:\/\/karin.stampis.com\/blog\/index.php?rest_route=\/wp\/v2\/posts"}],"about":[{"href":"http:\/\/karin.stampis.com\/blog\/index.php?rest_route=\/wp\/v2\/types\/post"}],"author":[{"embeddable":true,"href":"http:\/\/karin.stampis.com\/blog\/index.php?rest_route=\/wp\/v2\/users\/1"}],"replies":[{"embeddable":true,"href":"http:\/\/karin.stampis.com\/blog\/index.php?rest_route=%2Fwp%2Fv2%2Fcomments&post=18431"}],"version-history":[{"count":3,"href":"http:\/\/karin.stampis.com\/blog\/index.php?rest_route=\/wp\/v2\/posts\/18431\/revisions"}],"predecessor-version":[{"id":18436,"href":"http:\/\/karin.stampis.com\/blog\/index.php?rest_route=\/wp\/v2\/posts\/18431\/revisions\/18436"}],"wp:attachment":[{"href":"http:\/\/karin.stampis.com\/blog\/index.php?rest_route=%2Fwp%2Fv2%2Fmedia&parent=18431"}],"wp:term":[{"taxonomy":"category","embeddable":true,"href":"http:\/\/karin.stampis.com\/blog\/index.php?rest_route=%2Fwp%2Fv2%2Fcategories&post=18431"},{"taxonomy":"post_tag","embeddable":true,"href":"http:\/\/karin.stampis.com\/blog\/index.php?rest_route=%2Fwp%2Fv2%2Ftags&post=18431"}],"curies":[{"name":"wp","href":"https:\/\/api.w.org\/{rel}","templated":true}]}}