{"id":18438,"date":"2014-06-18T21:03:25","date_gmt":"2014-06-18T20:03:25","guid":{"rendered":"http:\/\/karin.stampis.com\/blog\/?p=18438"},"modified":"2014-06-18T21:03:25","modified_gmt":"2014-06-18T20:03:25","slug":"angen","status":"publish","type":"post","link":"http:\/\/karin.stampis.com\/blog\/?p=18438","title":{"rendered":"\u00c4ngen"},"content":{"rendered":"<p>D\u00e5 v\u00e5rt hus \u00e4r ett nybygge (som st\u00e5tt ett tag) s\u00e5 fanns det ingen f\u00e4rdig gr\u00e4smatta. D\u00e5 vi var d\u00e4r i b\u00f6rjan av maj s\u00e5g det mest ut som en grush\u00f6g, och jag t\u00e4nkte att f\u00f6rsta prio m\u00e5ste vara att f\u00e5 ordning p\u00e5 gr\u00e4smattan. Vi blev lite f\u00f6rv\u00e5nade d\u00e5 vi flyttade in och det s\u00e5g ut som en vildvuxen \u00e4ng :p . Alla andra runtom har j\u00e4ttegr\u00f6na gr\u00e4smattor och t\u00e4ta, halvh\u00f6ga h\u00e4ckar. Hos oss ser det mer ut som naturen tagit \u00f6ver :p . Fast jag tycker det \u00e4r r\u00e4tt ok f\u00f6r tillf\u00e4llet \u00e4nd\u00e5 &#8211; mycket b\u00e4ttre \u00e4n en grush\u00f6g. S\u00e5 det f\u00e5r vara s\u00e5 fram till h\u00f6sten d\u00e5 det \u00e4r b\u00e4ttre att s\u00e5 gr\u00e4s, och s\u00e5 har vi ju mycket fix inomhus att prioritera. Tidigare tyckte jag att det s\u00e4msta med huset var den pyttelilla tomten, men nu tycker jag att det nog r\u00e4cker bra \u00e4nd\u00e5 (vi har ju inga gr\u00f6na fingrar direkt&#8230;). Det finns yta som \u00e4r f\u00f6rberedd att l\u00e4gga plattor el liknande p\u00e5 (delar av den syns p\u00e5 fotot, dock har \u00e4ngen b\u00f6rjat invadera den ocks\u00e5), och s\u00e5 finns det en liten bit \u00e4ng som Alfred kan h\u00e4rja p\u00e5 d\u00e5 det v\u00e4l blir gr\u00e4smatta. Och s\u00e5 finns en hel del gr\u00f6nomr\u00e5den i n\u00e4rheten om han beh\u00f6ver st\u00f6rre ytor.<\/p>\n<p style=\"text-align: center;\"><a href=\"http:\/\/karin.stampis.com\/blog\/wp-content\/uploads\/2014\/06\/DSC_0425.jpg\"><img loading=\"lazy\" decoding=\"async\" class=\"aligncenter size-full wp-image-18440\" alt=\"DSC_0425\" src=\"http:\/\/karin.stampis.com\/blog\/wp-content\/uploads\/2014\/06\/DSC_0425.jpg\" width=\"600\" height=\"322\" \/><\/a><em>\u00c4ngen (som vi d\u00f6pt &#8220;gr\u00e4smattan&#8221; till). Tomten g\u00e5r fram till d\u00e4r \u00e4ngen slutar och blir grus. V\u00e4sterl\u00e4ge.<\/em><\/p>\n<p style=\"text-align: center;\"><a href=\"http:\/\/karin.stampis.com\/blog\/wp-content\/uploads\/2014\/06\/DSC_0426-1.jpg\"><img loading=\"lazy\" decoding=\"async\" class=\"aligncenter size-full wp-image-18439\" alt=\"DSC_0426-1\" src=\"http:\/\/karin.stampis.com\/blog\/wp-content\/uploads\/2014\/06\/DSC_0426-1.jpg\" width=\"600\" height=\"324\" \/><\/a><em>Och s\u00e5 h\u00e4r ser det ut framf\u00f6r k\u00f6ksf\u00f6nstret. \u00d6sterl\u00e4ge.<\/em><\/p>\n","protected":false},"excerpt":{"rendered":"<p>D\u00e5 v\u00e5rt hus \u00e4r ett nybygge (som st\u00e5tt ett tag) s\u00e5 fanns det ingen f\u00e4rdig gr\u00e4smatta. D\u00e5 vi var d\u00e4r i b\u00f6rjan av maj s\u00e5g det mest ut som en grush\u00f6g, och jag t\u00e4nkte att f\u00f6rsta prio m\u00e5ste vara att &hellip; <a href=\"http:\/\/karin.stampis.com\/blog\/?p=18438\">Continue reading <span class=\"meta-nav\">&rarr;<\/span><\/a><\/p>\n","protected":false},"author":1,"featured_media":0,"comment_status":"open","ping_status":"open","sticky":false,"template":"","format":"standard","meta":{"footnotes":""},"categories":[356,347,365],"tags":[],"class_list":["post-18438","post","type-post","status-publish","format-standard","hentry","category-356","category-hus-2","category-juni-2014"],"_links":{"self":[{"href":"http:\/\/karin.stampis.com\/blog\/index.php?rest_route=\/wp\/v2\/posts\/18438","targetHints":{"allow":["GET"]}}],"collection":[{"href":"http:\/\/karin.stampis.com\/blog\/index.php?rest_route=\/wp\/v2\/posts"}],"about":[{"href":"http:\/\/karin.stampis.com\/blog\/index.php?rest_route=\/wp\/v2\/types\/post"}],"author":[{"embeddable":true,"href":"http:\/\/karin.stampis.com\/blog\/index.php?rest_route=\/wp\/v2\/users\/1"}],"replies":[{"embeddable":true,"href":"http:\/\/karin.stampis.com\/blog\/index.php?rest_route=%2Fwp%2Fv2%2Fcomments&post=18438"}],"version-history":[{"count":2,"href":"http:\/\/karin.stampis.com\/blog\/index.php?rest_route=\/wp\/v2\/posts\/18438\/revisions"}],"predecessor-version":[{"id":18442,"href":"http:\/\/karin.stampis.com\/blog\/index.php?rest_route=\/wp\/v2\/posts\/18438\/revisions\/18442"}],"wp:attachment":[{"href":"http:\/\/karin.stampis.com\/blog\/index.php?rest_route=%2Fwp%2Fv2%2Fmedia&parent=18438"}],"wp:term":[{"taxonomy":"category","embeddable":true,"href":"http:\/\/karin.stampis.com\/blog\/index.php?rest_route=%2Fwp%2Fv2%2Fcategories&post=18438"},{"taxonomy":"post_tag","embeddable":true,"href":"http:\/\/karin.stampis.com\/blog\/index.php?rest_route=%2Fwp%2Fv2%2Ftags&post=18438"}],"curies":[{"name":"wp","href":"https:\/\/api.w.org\/{rel}","templated":true}]}}