{"id":18454,"date":"2014-06-23T07:08:10","date_gmt":"2014-06-23T06:08:10","guid":{"rendered":"http:\/\/karin.stampis.com\/blog\/?p=18454"},"modified":"2014-06-22T20:38:52","modified_gmt":"2014-06-22T19:38:52","slug":"alfred-20-manader","status":"publish","type":"post","link":"http:\/\/karin.stampis.com\/blog\/?p=18454","title":{"rendered":"Alfred 20 m\u00e5nader"},"content":{"rendered":"<p>Egentligen \u00e4r det inga super-f\u00f6r\u00e4ndringar mellan m\u00e5nad till m\u00e5nad nu, men det har ju blivit en stor f\u00f6r\u00e4ndring i Alfreds liv att han har flyttat till hus. Han verkar gilla det, kul med mer yta att springa runt p\u00e5 (och att springa efter grannens katt&#8230;), och med en massa f\u00f6nster att spana ut genom. Och det blir fler rundor ute i naturen (bara n\u00e5gra minuter bort med bil), som h\u00e4r nedan.<\/p>\n<p style=\"text-align: center;\"><a href=\"http:\/\/karin.stampis.com\/blog\/wp-content\/uploads\/2014\/06\/DSC_0439.jpg\"><img loading=\"lazy\" decoding=\"async\" class=\"aligncenter  wp-image-18455\" alt=\"DSC_0439\" src=\"http:\/\/karin.stampis.com\/blog\/wp-content\/uploads\/2014\/06\/DSC_0439.jpg\" width=\"309\" height=\"360\" \/><\/a><\/p>\n<p>Nu d\u00e5 det h\u00e4nder s\u00e5 mycket s\u00e5 tar dock nattningarna en halv evighet :\/ . Mycket nya intryck. Bl.a. s\u00e5 bes\u00f6kte vi f\u00f6rskolan d\u00e4r han ska b\u00f6rja. Den verkade j\u00e4ttebra och han tyckte det var kul att h\u00e4nga d\u00e4r, och han gick runt och h\u00f6ll fr\u00f6kens hand. Just tar folk i h\u00e4nderna och drar runt med dom \u00e4r n\u00e5got han har gjort mycket p\u00e5 sistone.<\/p>\n<p>Han \u00e4r en glad kille, men han kan bli ledsen \u00f6ver vad som helst hur m\u00e5nga g\u00e5nger som helst per dag nu :p . Det g\u00e5r iofs snabbt \u00f6ver. Sl\u00e5r han sig p\u00e5 n\u00e5got s\u00e5 pekar han p\u00e5 det och s\u00e4ger argt AJAJAJAJAJ!<\/p>\n<p>&nbsp;<\/p>\n","protected":false},"excerpt":{"rendered":"<p>Egentligen \u00e4r det inga super-f\u00f6r\u00e4ndringar mellan m\u00e5nad till m\u00e5nad nu, men det har ju blivit en stor f\u00f6r\u00e4ndring i Alfreds liv att han har flyttat till hus. Han verkar gilla det, kul med mer yta att springa runt p\u00e5 (och &hellip; <a href=\"http:\/\/karin.stampis.com\/blog\/?p=18454\">Continue reading <span class=\"meta-nav\">&rarr;<\/span><\/a><\/p>\n","protected":false},"author":1,"featured_media":0,"comment_status":"open","ping_status":"open","sticky":false,"template":"","format":"standard","meta":{"footnotes":""},"categories":[356,322,330,365],"tags":[],"class_list":["post-18454","post","type-post","status-publish","format-standard","hentry","category-356","category-alfred","category-fyller-manad","category-juni-2014"],"_links":{"self":[{"href":"http:\/\/karin.stampis.com\/blog\/index.php?rest_route=\/wp\/v2\/posts\/18454","targetHints":{"allow":["GET"]}}],"collection":[{"href":"http:\/\/karin.stampis.com\/blog\/index.php?rest_route=\/wp\/v2\/posts"}],"about":[{"href":"http:\/\/karin.stampis.com\/blog\/index.php?rest_route=\/wp\/v2\/types\/post"}],"author":[{"embeddable":true,"href":"http:\/\/karin.stampis.com\/blog\/index.php?rest_route=\/wp\/v2\/users\/1"}],"replies":[{"embeddable":true,"href":"http:\/\/karin.stampis.com\/blog\/index.php?rest_route=%2Fwp%2Fv2%2Fcomments&post=18454"}],"version-history":[{"count":4,"href":"http:\/\/karin.stampis.com\/blog\/index.php?rest_route=\/wp\/v2\/posts\/18454\/revisions"}],"predecessor-version":[{"id":18459,"href":"http:\/\/karin.stampis.com\/blog\/index.php?rest_route=\/wp\/v2\/posts\/18454\/revisions\/18459"}],"wp:attachment":[{"href":"http:\/\/karin.stampis.com\/blog\/index.php?rest_route=%2Fwp%2Fv2%2Fmedia&parent=18454"}],"wp:term":[{"taxonomy":"category","embeddable":true,"href":"http:\/\/karin.stampis.com\/blog\/index.php?rest_route=%2Fwp%2Fv2%2Fcategories&post=18454"},{"taxonomy":"post_tag","embeddable":true,"href":"http:\/\/karin.stampis.com\/blog\/index.php?rest_route=%2Fwp%2Fv2%2Ftags&post=18454"}],"curies":[{"name":"wp","href":"https:\/\/api.w.org\/{rel}","templated":true}]}}