{"id":18460,"date":"2014-06-24T06:22:22","date_gmt":"2014-06-24T05:22:22","guid":{"rendered":"http:\/\/karin.stampis.com\/blog\/?p=18460"},"modified":"2014-06-22T21:27:26","modified_gmt":"2014-06-22T20:27:26","slug":"alfred-och-djuren","status":"publish","type":"post","link":"http:\/\/karin.stampis.com\/blog\/?p=18460","title":{"rendered":"Alfred och djuren"},"content":{"rendered":"<p>Gl\u00e4der mig \u00f6ver att Alfred f\u00e5tt ett \u00f6kande intresse f\u00f6r djur p\u00e5 sistone. Djurl\u00e4ten \u00e4r n\u00e5got som fastnar extra snabbt hos honom, och han s\u00e4ger glatt vad djuren s\u00e4ger om man fr\u00e5gar honom. I helgen var han p\u00e5 f\u00f6delsedagsfest d\u00e4r det fanns en massa djur &#8211; 2 hundar, 3 katter (varav en kattunge, s\u00f6t!), samt ett g\u00e4ng med fiskar. Det var full rulle p\u00e5 honom.<\/p>\n<p style=\"text-align: center;\">Matade hund:<\/p>\n<p style=\"text-align: center;\"><a href=\"http:\/\/karin.stampis.com\/blog\/wp-content\/uploads\/2014\/06\/DSC_0448.jpg\"><img loading=\"lazy\" decoding=\"async\" class=\"aligncenter  wp-image-18464\" alt=\"DSC_0448\" src=\"http:\/\/karin.stampis.com\/blog\/wp-content\/uploads\/2014\/06\/DSC_0448.jpg\" width=\"239\" height=\"360\" \/><\/a><\/p>\n<p style=\"text-align: center;\">Matade fiskar:<\/p>\n<p style=\"text-align: center;\"><a href=\"http:\/\/karin.stampis.com\/blog\/wp-content\/uploads\/2014\/06\/DSC_0453-2.jpg\"><img loading=\"lazy\" decoding=\"async\" class=\"aligncenter  wp-image-18463\" alt=\"DSC_0453-2\" src=\"http:\/\/karin.stampis.com\/blog\/wp-content\/uploads\/2014\/06\/DSC_0453-2.jpg\" width=\"360\" height=\"330\" \/><\/a><\/p>\n<p style=\"text-align: center;\">Jagade hundar (och kompletterade med att jaga grannkatt p\u00e5 kv\u00e4llen):<\/p>\n<p style=\"text-align: center;\"><a href=\"http:\/\/karin.stampis.com\/blog\/wp-content\/uploads\/2014\/06\/DSC_0465.jpg\"><img loading=\"lazy\" decoding=\"async\" class=\"aligncenter  wp-image-18461\" alt=\"DSC_0465\" src=\"http:\/\/karin.stampis.com\/blog\/wp-content\/uploads\/2014\/06\/DSC_0465.jpg\" width=\"360\" height=\"173\" \/><\/a><\/p>\n<p style=\"text-align: center;\">(och snart kommer en annan Golden och h\u00e4lsar p\u00e5 \ud83d\ude42 )<\/p>\n<p style=\"text-align: center;\">Sen s\u00e5 drog han med sig de flesta festdeltagarna p\u00e5 rundor f\u00f6r att kolla p\u00e5 djuren (s\u00e5 man kunde sitta ner sj\u00e4lv ett tag \ud83d\ude09 ).<\/p>\n<p style=\"text-align: center;\"><a href=\"http:\/\/karin.stampis.com\/blog\/wp-content\/uploads\/2014\/06\/DSC_0460.jpg\"><img loading=\"lazy\" decoding=\"async\" class=\"aligncenter  wp-image-18462\" alt=\"DSC_0460\" src=\"http:\/\/karin.stampis.com\/blog\/wp-content\/uploads\/2014\/06\/DSC_0460.jpg\" width=\"184\" height=\"360\" \/><\/a><\/p>\n<p style=\"text-align: center;\">Kommer nog bli en del djurparksbes\u00f6k i sommar \ud83d\ude42<\/p>\n","protected":false},"excerpt":{"rendered":"<p>Gl\u00e4der mig \u00f6ver att Alfred f\u00e5tt ett \u00f6kande intresse f\u00f6r djur p\u00e5 sistone. Djurl\u00e4ten \u00e4r n\u00e5got som fastnar extra snabbt hos honom, och han s\u00e4ger glatt vad djuren s\u00e4ger om man fr\u00e5gar honom. I helgen var han p\u00e5 f\u00f6delsedagsfest d\u00e4r &hellip; <a href=\"http:\/\/karin.stampis.com\/blog\/?p=18460\">Continue reading <span class=\"meta-nav\">&rarr;<\/span><\/a><\/p>\n","protected":false},"author":1,"featured_media":0,"comment_status":"open","ping_status":"open","sticky":false,"template":"","format":"standard","meta":{"footnotes":""},"categories":[356,322,365],"tags":[],"class_list":["post-18460","post","type-post","status-publish","format-standard","hentry","category-356","category-alfred","category-juni-2014"],"_links":{"self":[{"href":"http:\/\/karin.stampis.com\/blog\/index.php?rest_route=\/wp\/v2\/posts\/18460","targetHints":{"allow":["GET"]}}],"collection":[{"href":"http:\/\/karin.stampis.com\/blog\/index.php?rest_route=\/wp\/v2\/posts"}],"about":[{"href":"http:\/\/karin.stampis.com\/blog\/index.php?rest_route=\/wp\/v2\/types\/post"}],"author":[{"embeddable":true,"href":"http:\/\/karin.stampis.com\/blog\/index.php?rest_route=\/wp\/v2\/users\/1"}],"replies":[{"embeddable":true,"href":"http:\/\/karin.stampis.com\/blog\/index.php?rest_route=%2Fwp%2Fv2%2Fcomments&post=18460"}],"version-history":[{"count":2,"href":"http:\/\/karin.stampis.com\/blog\/index.php?rest_route=\/wp\/v2\/posts\/18460\/revisions"}],"predecessor-version":[{"id":18467,"href":"http:\/\/karin.stampis.com\/blog\/index.php?rest_route=\/wp\/v2\/posts\/18460\/revisions\/18467"}],"wp:attachment":[{"href":"http:\/\/karin.stampis.com\/blog\/index.php?rest_route=%2Fwp%2Fv2%2Fmedia&parent=18460"}],"wp:term":[{"taxonomy":"category","embeddable":true,"href":"http:\/\/karin.stampis.com\/blog\/index.php?rest_route=%2Fwp%2Fv2%2Fcategories&post=18460"},{"taxonomy":"post_tag","embeddable":true,"href":"http:\/\/karin.stampis.com\/blog\/index.php?rest_route=%2Fwp%2Fv2%2Ftags&post=18460"}],"curies":[{"name":"wp","href":"https:\/\/api.w.org\/{rel}","templated":true}]}}