{"id":18569,"date":"2014-07-29T12:46:05","date_gmt":"2014-07-29T11:46:05","guid":{"rendered":"http:\/\/karin.stampis.com\/blog\/?p=18569"},"modified":"2014-07-29T12:46:05","modified_gmt":"2014-07-29T11:46:05","slug":"lite-semester","status":"publish","type":"post","link":"http:\/\/karin.stampis.com\/blog\/?p=18569","title":{"rendered":"Lite semester"},"content":{"rendered":"<p>Semestern rusar p\u00e5&#8230; Lyckligtvis \u00e4r det lite kvar. Har haft fullt upp och haft lite d\u00e5ligt med tid att blogga, men h\u00e4r \u00e4r en liten sammanfattning.<\/p>\n<p>Som alla andra i Sverige har vi svettats som s*tan i v\u00e4rmeb\u00f6ljan. Jag \u00e4r ingen fan av extremv\u00e4rme, ser fram emot sensommar\/h\u00f6st i den synpunkten (men d\u00e5 har man ju tyv\u00e4rr inte semester). S\u00e5 vi \u00e4r extra glada att vi inte bor i den stekheta l\u00e4genheten nu. Vi har dock haft lite problem med v\u00e4rmen i huset ocks\u00e5, d\u00e5 det har stora f\u00f6nster och det tog j\u00e4ttel\u00e5ng tid till v\u00e5ra persienner\/rullgardiner kom. Nu har de dock dykt upp \ud83d\ude42 . H\u00e4r i k\u00f6ket. <a href=\"http:\/\/karin.stampis.com\/blog\/wp-content\/uploads\/2014\/07\/DSC_0552-2.jpg\"><img loading=\"lazy\" decoding=\"async\" class=\"aligncenter size-full wp-image-18575\" alt=\"DSC_0552-2\" src=\"http:\/\/karin.stampis.com\/blog\/wp-content\/uploads\/2014\/07\/DSC_0552-2.jpg\" width=\"600\" height=\"291\" \/><\/a><\/p>\n<p>Vi har \u00e4ven inhandlat gardiner (panelgardiner) till f\u00f6nsterna som vi inte best\u00e4llde m\u00e5ttbest\u00e4llda gardiner till. Jimmy fick l\u00e4ra sig anv\u00e4nda symaskinen och sy dem i r\u00e4tt l\u00e4ngd. Dessa ovanliga k\u00f6nsroller beror inte p\u00e5 n\u00e5got feministiskt initiativ utan beror helt enkelt p\u00e5 att jag har sagt upp bekantskapen med symaskiner f\u00f6r sis\u00e5d\u00e4r 20 \u00e5r sen :p (var ***d\u00e5lig i sysl\u00f6jd).<\/p>\n<p>F\u00f6rutom detta har vi inhandlat en massa andra saker till huset. Eftersom vi inte handlat n\u00e5gon inredning p\u00e5 typ 5 \u00e5r s\u00e5 l\u00e5g vi lite back. Alfred har stannat hos mommo och moffa vid n\u00e5gra tillf\u00e4llen och d\u00e5 har vi spenderat mycket tid i aff\u00e4rer (Alfred \u00e4r ingen unge som sitter stilla i barnvagnen i aff\u00e4rer, om man s\u00e4ger s\u00e5, d\u00e4rav att vi helst vill shoppa sj\u00e4lva). Handlat mycket mer i Malm\u00f6 nu \u00e4n d\u00e5 vi v\u00e4l bodde d\u00e4r :p (och sj\u00e4lvklart tog vi med sushi hem d\u00e5 \ud83d\ude09 ) . Men det \u00e4r fortfarande massor kvar att fixa i huset, men man f\u00e5r ju bo in sig lite.<\/p>\n<p>Bl.a. s\u00e5 har vi best\u00e4llt en ny soffa. Den 5 \u00e5r gamla IKEA-soffan hade det blivit revor i tyget p\u00e5, och den var r\u00e4tt nedsutten. Nu har vi best\u00e4llt en soffa med slitstarkt tyg, hoppas den h\u00e5ller f\u00f6r en Alfred!<\/p>\n<p><a href=\"http:\/\/karin.stampis.com\/blog\/wp-content\/uploads\/2014\/07\/DSC_0575-2.jpg\"><img loading=\"lazy\" decoding=\"async\" class=\"aligncenter size-full wp-image-18581\" alt=\"DSC_0575-2\" src=\"http:\/\/karin.stampis.com\/blog\/wp-content\/uploads\/2014\/07\/DSC_0575-2.jpg\" width=\"600\" height=\"338\" \/><\/a><em>Testar soffor p\u00e5 Mio. Tog v\u00e4ldans tid (och 3 bes\u00f6k) att best\u00e4mma sig f\u00f6r en soffa (blev inte den p\u00e5 fotot). Vi hittade en vi gillade, \u00e5kte hem och m\u00e4tte och ins\u00e5g den var f\u00f6r stor, s\u00e5 hittade vi en annan vi gillade, som m\u00e5tten borde passa till, men ins\u00e5g sen d\u00e5 vi kom hem att det hade sett f\u00f6r tr\u00e5ngt ut. Men tredje g\u00e5ngen gillt blev det! Det \u00e4r g\u00f6tt att n\u00e4stan alla rea-soffor nu ser ut som de vi vill ha &#8211; gr\u00e5a och ofta med sch\u00e4slong och divan, lite som den ovan.<br \/>\n<\/em><\/p>\n<p>S\u00c5 en hel del husfix allts\u00e5. Det \u00e4r s\u00e5 kul att se allting v\u00e4xa fram, som allt det gr\u00f6na &#8211; gr\u00e4smattan som tar sig, h\u00e4cken d\u00e4r nya skott kommer upp efter vi klippt den, apelsintr\u00e4det som skjuter skott. ALLT dog verkligen i Malm\u00f6, s\u00e5 det var nog inte bara oss det var fel p\u00e5 utan \u00e4ven Malm\u00f6luften, f\u00f6r h\u00e4r \u00f6verlever i alla fall en del saker :p (\u00e4ven om jag gjorde n\u00e5got fel med v\u00e5r lavendel). H\u00e4lsar till Eva att orkid\u00e9n fortfarande m\u00e5r bra &#8211; m\u00e5ste vara personligt rekord f\u00f6r oss i orkid\u00e9-livsl\u00e4ngd! Det \u00e4r \u00e4ven kul att se hur rummen blir lite mer inredda (dock \u00e4r det en hel del kvar).<\/p>\n<p>Vi har \u00e4ven varit p\u00e5 landet en del. Sk\u00f6nt \ud83d\ude42 . Alfred har bl.a. badat och gungat och kollat traktorer.<\/p>\n<p style=\"text-align: center;\"><a href=\"http:\/\/karin.stampis.com\/blog\/wp-content\/uploads\/2014\/07\/DSC_0516-2.jpg\"><img loading=\"lazy\" decoding=\"async\" class=\"aligncenter  wp-image-18583\" alt=\"DSC_0516-2\" src=\"http:\/\/karin.stampis.com\/blog\/wp-content\/uploads\/2014\/07\/DSC_0516-2.jpg\" width=\"365\" height=\"480\" \/><\/a><\/p>\n<p>Har haft bes\u00f6k lite d\u00e5 och d\u00e5 under semestern, bl.a. h\u00e4lsade v\u00e4nner p\u00e5 som \u00e4r legofantaster, s\u00e5 Alfred fick lite roligare Duplo (tills han n\u00e5gon dag senare i ett vredesutbrott rev s\u00f6nder vagnen och sl\u00e4ngde den i golvet :p) .<\/p>\n<p><a href=\"http:\/\/karin.stampis.com\/blog\/wp-content\/uploads\/2014\/07\/DSC_0547-2.jpg\"><img loading=\"lazy\" decoding=\"async\" class=\"aligncenter size-full wp-image-18576\" alt=\"DSC_0547-2\" src=\"http:\/\/karin.stampis.com\/blog\/wp-content\/uploads\/2014\/07\/DSC_0547-2.jpg\" width=\"600\" height=\"298\" \/><\/a><\/p>\n<p>Alfreds farbror Micke har \u00e4ven han varit p\u00e5 bes\u00f6k. Han och Jimmy fixade med att f\u00e5 in en ny bilstereo i v\u00e5r bil. Jag kommer inte att skriva h\u00e4r hur l\u00e5ng tid som spenderades med detta, utan n\u00f6jer mig med att konstatera att det finns en norrl\u00e4ndsk envishets-gen, som vi f\u00e5r se om Alfred har f\u00e5tt \ud83d\ude09 .<\/p>\n<p style=\"text-align: center;\"><a href=\"http:\/\/karin.stampis.com\/blog\/wp-content\/uploads\/2014\/07\/DSC_0639.jpg\"><img loading=\"lazy\" decoding=\"async\" class=\"aligncenter  wp-image-18580\" alt=\"DSC_0639\" src=\"http:\/\/karin.stampis.com\/blog\/wp-content\/uploads\/2014\/07\/DSC_0639.jpg\" width=\"480\" height=\"411\" \/><\/a><em>Alfred och farbror Micke<\/em><\/p>\n<p>Sj\u00e4lv s\u00e5 tycker jag att min egen envishet verkligen klingat av med \u00e5ldern (ser framf\u00f6r mig att mina p\u00e4ron skrattar nu :p, men s\u00e5 tycker jag att det \u00e4r. Jag hade gett upp med bilstereon efter 10 minuter). Jag har jobbat lite p\u00e5 att f\u00e5 upp envisheten igen. Bl.a. s\u00e5 monterade jag en lampa fr\u00e5n Ikea sj\u00e4lv :p . Sen har jag slutligen tagit itu med att b\u00f6rja jogga igen &#8211; det var \u00f6ver 2 \u00e5r sen jag joggade regelbundet. Har gjort sm\u00e5 f\u00f6rs\u00f6k tidigare, men jag f\u00e5r s\u00e5dan fruktansv\u00e4rd h\u00e5ll (trots det g\u00e5tt \u00e5tskilliga timmar sen jag \u00e4tit) s\u00e5 jag har gett upp d\u00e5. B\u00f6rjar undra om n\u00e5got i magen kraschade d\u00e5 magen t\u00e4ndes ut f\u00f6r sis\u00e5d\u00e4r 2 \u00e5r sen, f\u00e5r s\u00e5 vansinnigt l\u00e4tt fick jag inte h\u00e5ll innan. Eller s\u00e5 har bara magmusklerna f\u00f6rtvinat helt enkelt :p. Men skam den som ger sig! Nu har jag f\u00e5tt upp en liten joggingrutin. Jag f\u00e5r fortfarande en j\u00e4kla h\u00e5ll men jag springer p\u00e5 \u00e4nd\u00e5. S\u00e5 det k\u00e4nns som man springer med knivar i magen &#8211; det m\u00e5ste ju vara bra envishetstr\u00e4ning \ud83d\ude09 . Men det blir lite b\u00e4ttre f\u00f6r varje g\u00e5ng \ud83d\ude42 . Har f\u00f6rresten en j\u00e4ttefin slinga att springa p\u00e5 bara en liten bit fr\u00e5n husknuten, h\u00e4rligt \ud83d\ude42 . S\u00e5 sk\u00f6nt att r\u00f6ra sig lite igen!<\/p>\n<p>Hade \u00e4ven planerat en del (utomhus)utflykter, men det g\u00e5r inte d\u00e5 det \u00e4r s\u00e5 varmt :\/. Hoppas p\u00e5 lite mer lagom v\u00e4der s\u00e5 att vi bl.a. kan komma iv\u00e4g till Sk\u00e5nes djurpark.<\/p>\n","protected":false},"excerpt":{"rendered":"<p>Semestern rusar p\u00e5&#8230; Lyckligtvis \u00e4r det lite kvar. Har haft fullt upp och haft lite d\u00e5ligt med tid att blogga, men h\u00e4r \u00e4r en liten sammanfattning. Som alla andra i Sverige har vi svettats som s*tan i v\u00e4rmeb\u00f6ljan. Jag \u00e4r &hellip; <a href=\"http:\/\/karin.stampis.com\/blog\/?p=18569\">Continue reading <span class=\"meta-nav\">&rarr;<\/span><\/a><\/p>\n","protected":false},"author":1,"featured_media":0,"comment_status":"open","ping_status":"open","sticky":false,"template":"","format":"standard","meta":{"footnotes":""},"categories":[356,322,347,366],"tags":[],"class_list":["post-18569","post","type-post","status-publish","format-standard","hentry","category-356","category-alfred","category-hus-2","category-juli-2014"],"_links":{"self":[{"href":"http:\/\/karin.stampis.com\/blog\/index.php?rest_route=\/wp\/v2\/posts\/18569","targetHints":{"allow":["GET"]}}],"collection":[{"href":"http:\/\/karin.stampis.com\/blog\/index.php?rest_route=\/wp\/v2\/posts"}],"about":[{"href":"http:\/\/karin.stampis.com\/blog\/index.php?rest_route=\/wp\/v2\/types\/post"}],"author":[{"embeddable":true,"href":"http:\/\/karin.stampis.com\/blog\/index.php?rest_route=\/wp\/v2\/users\/1"}],"replies":[{"embeddable":true,"href":"http:\/\/karin.stampis.com\/blog\/index.php?rest_route=%2Fwp%2Fv2%2Fcomments&post=18569"}],"version-history":[{"count":6,"href":"http:\/\/karin.stampis.com\/blog\/index.php?rest_route=\/wp\/v2\/posts\/18569\/revisions"}],"predecessor-version":[{"id":18584,"href":"http:\/\/karin.stampis.com\/blog\/index.php?rest_route=\/wp\/v2\/posts\/18569\/revisions\/18584"}],"wp:attachment":[{"href":"http:\/\/karin.stampis.com\/blog\/index.php?rest_route=%2Fwp%2Fv2%2Fmedia&parent=18569"}],"wp:term":[{"taxonomy":"category","embeddable":true,"href":"http:\/\/karin.stampis.com\/blog\/index.php?rest_route=%2Fwp%2Fv2%2Fcategories&post=18569"},{"taxonomy":"post_tag","embeddable":true,"href":"http:\/\/karin.stampis.com\/blog\/index.php?rest_route=%2Fwp%2Fv2%2Ftags&post=18569"}],"curies":[{"name":"wp","href":"https:\/\/api.w.org\/{rel}","templated":true}]}}