{"id":18645,"date":"2014-08-14T20:09:36","date_gmt":"2014-08-14T19:09:36","guid":{"rendered":"http:\/\/karin.stampis.com\/blog\/?p=18645"},"modified":"2014-08-14T20:12:57","modified_gmt":"2014-08-14T19:12:57","slug":"tva-manader-i-huset","status":"publish","type":"post","link":"http:\/\/karin.stampis.com\/blog\/?p=18645","title":{"rendered":"Tv\u00e5 m\u00e5nader i huset"},"content":{"rendered":"<p>Nu \u00e4r det tv\u00e5 m\u00e5nader sen vi flyttade in i huset. Trivs j\u00e4ttebra! Att trivas d\u00e4r man bor g\u00f6r verkligen skillnad i livet \ud83d\ude42 . Har hunnit med lite husfix under sommaren, men det \u00e4r mycket kvar &#8211; d\u00e5 man har lillen s\u00e5 hinner man inte med s\u00e5 mycket. Men vi har f\u00e5tt en inrett det grundl\u00e4ggande, och s\u00e5 har vi f\u00e5tt en fin gr\u00f6n gr\u00e4smatta ist\u00e4llet f\u00f6r alla tistlar.<\/p>\n<p>Vi har fokuserat p\u00e5 bottenv\u00e5ningen, d\u00e5 det \u00e4r d\u00e4r man \u00e4r mest. H\u00e4r \u00e4r en j\u00e4mf\u00f6relse med v\u00e5rt gamla k\u00f6k &#8211; en viss uppgradering tycker jag!<\/p>\n<p style=\"text-align: center;\"><em>Malm\u00f6k\u00f6ket<\/em><\/p>\n<p style=\"text-align: center;\"><a href=\"http:\/\/karin.stampis.com\/blog\/wp-content\/uploads\/2014\/08\/DSC_0374.jpg\"><img loading=\"lazy\" decoding=\"async\" class=\"aligncenter size-full wp-image-18648\" alt=\"DSC_0374\" src=\"http:\/\/karin.stampis.com\/blog\/wp-content\/uploads\/2014\/08\/DSC_0374.jpg\" width=\"338\" height=\"600\" \/><\/a><\/p>\n<p style=\"text-align: center;\"><em>De fula persiennerna. De var iofs gratis d\u00e5 de fanns d\u00e5 vi flyttade in, men \u00e4nd\u00e5&#8230;<\/em><\/p>\n<p style=\"text-align: center;\"><a href=\"http:\/\/karin.stampis.com\/blog\/wp-content\/uploads\/2014\/08\/DSC_0375.jpg\"><img loading=\"lazy\" decoding=\"async\" class=\"aligncenter size-full wp-image-18647\" alt=\"DSC_0375\" src=\"http:\/\/karin.stampis.com\/blog\/wp-content\/uploads\/2014\/08\/DSC_0375.jpg\" width=\"600\" height=\"338\" \/><\/a><\/p>\n<p style=\"text-align: center;\"><em>Och s\u00e5 k\u00f6ket i huset.<\/em><\/p>\n<p><a href=\"http:\/\/karin.stampis.com\/blog\/wp-content\/uploads\/2014\/08\/DSC_0555-2.jpg\"><img loading=\"lazy\" decoding=\"async\" class=\"aligncenter size-full wp-image-18649\" alt=\"DSC_0555-2\" src=\"http:\/\/karin.stampis.com\/blog\/wp-content\/uploads\/2014\/08\/DSC_0555-2.jpg\" width=\"600\" height=\"337\" \/><\/a><\/p>\n<p style=\"text-align: center;\"><a href=\"http:\/\/karin.stampis.com\/blog\/wp-content\/uploads\/2014\/08\/DSC_0553-2.jpg\"><img loading=\"lazy\" decoding=\"async\" class=\"aligncenter size-full wp-image-18650\" alt=\"DSC_0553-2\" src=\"http:\/\/karin.stampis.com\/blog\/wp-content\/uploads\/2014\/08\/DSC_0553-2.jpg\" width=\"600\" height=\"337\" \/><\/a><em> (Handdukarna p\u00e5 frysen \u00e4r en tempor\u00e4r l\u00f6sning)<\/em><\/p>\n<p>&nbsp;<\/p>\n","protected":false},"excerpt":{"rendered":"<p>Nu \u00e4r det tv\u00e5 m\u00e5nader sen vi flyttade in i huset. Trivs j\u00e4ttebra! Att trivas d\u00e4r man bor g\u00f6r verkligen skillnad i livet \ud83d\ude42 . Har hunnit med lite husfix under sommaren, men det \u00e4r mycket kvar &#8211; d\u00e5 man &hellip; <a href=\"http:\/\/karin.stampis.com\/blog\/?p=18645\">Continue reading <span class=\"meta-nav\">&rarr;<\/span><\/a><\/p>\n","protected":false},"author":1,"featured_media":0,"comment_status":"open","ping_status":"open","sticky":false,"template":"","format":"standard","meta":{"footnotes":""},"categories":[356,367,347],"tags":[],"class_list":["post-18645","post","type-post","status-publish","format-standard","hentry","category-356","category-augusti-2014","category-hus-2"],"_links":{"self":[{"href":"http:\/\/karin.stampis.com\/blog\/index.php?rest_route=\/wp\/v2\/posts\/18645","targetHints":{"allow":["GET"]}}],"collection":[{"href":"http:\/\/karin.stampis.com\/blog\/index.php?rest_route=\/wp\/v2\/posts"}],"about":[{"href":"http:\/\/karin.stampis.com\/blog\/index.php?rest_route=\/wp\/v2\/types\/post"}],"author":[{"embeddable":true,"href":"http:\/\/karin.stampis.com\/blog\/index.php?rest_route=\/wp\/v2\/users\/1"}],"replies":[{"embeddable":true,"href":"http:\/\/karin.stampis.com\/blog\/index.php?rest_route=%2Fwp%2Fv2%2Fcomments&post=18645"}],"version-history":[{"count":6,"href":"http:\/\/karin.stampis.com\/blog\/index.php?rest_route=\/wp\/v2\/posts\/18645\/revisions"}],"predecessor-version":[{"id":18657,"href":"http:\/\/karin.stampis.com\/blog\/index.php?rest_route=\/wp\/v2\/posts\/18645\/revisions\/18657"}],"wp:attachment":[{"href":"http:\/\/karin.stampis.com\/blog\/index.php?rest_route=%2Fwp%2Fv2%2Fmedia&parent=18645"}],"wp:term":[{"taxonomy":"category","embeddable":true,"href":"http:\/\/karin.stampis.com\/blog\/index.php?rest_route=%2Fwp%2Fv2%2Fcategories&post=18645"},{"taxonomy":"post_tag","embeddable":true,"href":"http:\/\/karin.stampis.com\/blog\/index.php?rest_route=%2Fwp%2Fv2%2Ftags&post=18645"}],"curies":[{"name":"wp","href":"https:\/\/api.w.org\/{rel}","templated":true}]}}