{"id":18658,"date":"2014-08-18T19:52:11","date_gmt":"2014-08-18T18:52:11","guid":{"rendered":"http:\/\/karin.stampis.com\/blog\/?p=18658"},"modified":"2014-08-18T19:52:11","modified_gmt":"2014-08-18T18:52:11","slug":"forskolekillen","status":"publish","type":"post","link":"http:\/\/karin.stampis.com\/blog\/?p=18658","title":{"rendered":"F\u00f6rskolekillen"},"content":{"rendered":"<p>F\u00f6rskolestart f\u00f6r Alfred idag! F\u00f6rsta dagen bestod av att barn och f\u00f6r\u00e4ldrar fick bekanta sig med milj\u00f6n i ungef\u00e4r 2 timmar. Det gick finfint, Alfred hade j\u00e4ttekul! Han lekte med b\u00e5de leksaker och andra barn, spanade p\u00e5 de \u00e4ldre barnen p\u00e5 lekplatsen, satte sig i fr\u00f6kens kn\u00e4 med en bok, och dirigerade en av de andra mammorna att bygga ett torn efter hans anvisningar. Enda g\u00e5ngen han skrek var d\u00e5 han f\u00f6rstod att vi var p\u00e5 v\u00e4g hem&#8230;<\/p>\n<p>Har \u00e4ven denna g\u00e5ng riktigt bra vibbar av f\u00f6rskolan \ud83d\ude42 . Nya fr\u00e4scha lokaler, j\u00e4ttegulliga pedagoger, och bra aktiviteter. Det var 6 barn till som skolades in &#8211; 5 grabbar och 1 tjej (totalt \u00e4r det 12 i gruppen, p\u00e5 3 pedagoger). De verkade vara glada och sn\u00e4lla barn. De nya barnen var i ganska likartad \u00e5lder, \u00e4ven om jag tror att Alfred var \u00e4ldst av de nya (han var klart l\u00e4ngst i alla fall).<\/p>\n<p style=\"text-align: center;\"><a href=\"http:\/\/karin.stampis.com\/blog\/wp-content\/uploads\/2014\/08\/IMG_3123.jpg\"><img loading=\"lazy\" decoding=\"async\" class=\"aligncenter size-full wp-image-18659\" alt=\"IMG_3123\" src=\"http:\/\/karin.stampis.com\/blog\/wp-content\/uploads\/2014\/08\/IMG_3123.jpg\" width=\"600\" height=\"557\" \/><\/a><em>F\u00f6rskolekillen<\/em><\/p>\n","protected":false},"excerpt":{"rendered":"<p>F\u00f6rskolestart f\u00f6r Alfred idag! F\u00f6rsta dagen bestod av att barn och f\u00f6r\u00e4ldrar fick bekanta sig med milj\u00f6n i ungef\u00e4r 2 timmar. Det gick finfint, Alfred hade j\u00e4ttekul! Han lekte med b\u00e5de leksaker och andra barn, spanade p\u00e5 de \u00e4ldre barnen &hellip; <a href=\"http:\/\/karin.stampis.com\/blog\/?p=18658\">Continue reading <span class=\"meta-nav\">&rarr;<\/span><\/a><\/p>\n","protected":false},"author":1,"featured_media":0,"comment_status":"open","ping_status":"open","sticky":false,"template":"","format":"standard","meta":{"footnotes":""},"categories":[356,322,367],"tags":[],"class_list":["post-18658","post","type-post","status-publish","format-standard","hentry","category-356","category-alfred","category-augusti-2014"],"_links":{"self":[{"href":"http:\/\/karin.stampis.com\/blog\/index.php?rest_route=\/wp\/v2\/posts\/18658","targetHints":{"allow":["GET"]}}],"collection":[{"href":"http:\/\/karin.stampis.com\/blog\/index.php?rest_route=\/wp\/v2\/posts"}],"about":[{"href":"http:\/\/karin.stampis.com\/blog\/index.php?rest_route=\/wp\/v2\/types\/post"}],"author":[{"embeddable":true,"href":"http:\/\/karin.stampis.com\/blog\/index.php?rest_route=\/wp\/v2\/users\/1"}],"replies":[{"embeddable":true,"href":"http:\/\/karin.stampis.com\/blog\/index.php?rest_route=%2Fwp%2Fv2%2Fcomments&post=18658"}],"version-history":[{"count":1,"href":"http:\/\/karin.stampis.com\/blog\/index.php?rest_route=\/wp\/v2\/posts\/18658\/revisions"}],"predecessor-version":[{"id":18660,"href":"http:\/\/karin.stampis.com\/blog\/index.php?rest_route=\/wp\/v2\/posts\/18658\/revisions\/18660"}],"wp:attachment":[{"href":"http:\/\/karin.stampis.com\/blog\/index.php?rest_route=%2Fwp%2Fv2%2Fmedia&parent=18658"}],"wp:term":[{"taxonomy":"category","embeddable":true,"href":"http:\/\/karin.stampis.com\/blog\/index.php?rest_route=%2Fwp%2Fv2%2Fcategories&post=18658"},{"taxonomy":"post_tag","embeddable":true,"href":"http:\/\/karin.stampis.com\/blog\/index.php?rest_route=%2Fwp%2Fv2%2Ftags&post=18658"}],"curies":[{"name":"wp","href":"https:\/\/api.w.org\/{rel}","templated":true}]}}