{"id":18873,"date":"2014-10-29T18:00:36","date_gmt":"2014-10-29T17:00:36","guid":{"rendered":"http:\/\/karin.stampis.com\/blog\/?p=18873"},"modified":"2014-10-29T18:00:07","modified_gmt":"2014-10-29T17:00:07","slug":"alfreds-fodelsedag","status":"publish","type":"post","link":"http:\/\/karin.stampis.com\/blog\/?p=18873","title":{"rendered":"Alfreds f\u00f6delsedag"},"content":{"rendered":"<p>Alfreds p\u00e4ron firade honom p\u00e5 torsdagskv\u00e4llen, d\u00e5 han fyllde 2. Det var ju f\u00f6r v\u00e4l att ingen var sjuk p\u00e5 just hans f\u00f6delsedag :p . Jag tror han hade ett j\u00e4ttekul firande. Han var i alla fall v\u00e4ldigt glad.<\/p>\n<p style=\"text-align: center;\"><em>F\u00f6rst lite t\u00e5rta som vi k\u00f6pt p\u00e5 konditori i byn. Till de \u00f6vriga f\u00f6delsedagsfesterna hade jag t\u00e4nkt g\u00f6ra egen t\u00e5rta, men jag kan s\u00e4kert hitta p\u00e5 n\u00e5got kreativt av alla vispgr\u00e4ddesf\u00f6rpackningar som fick hamna i frysen.<\/em><\/p>\n<p><a href=\"http:\/\/karin.stampis.com\/blog\/wp-content\/uploads\/2014\/10\/DSC00313.jpg\"><img loading=\"lazy\" decoding=\"async\" class=\"aligncenter size-full wp-image-18874\" alt=\"DSC00313\" src=\"http:\/\/karin.stampis.com\/blog\/wp-content\/uploads\/2014\/10\/DSC00313.jpg\" width=\"600\" height=\"400\" srcset=\"http:\/\/karin.stampis.com\/blog\/wp-content\/uploads\/2014\/10\/DSC00313.jpg 600w, http:\/\/karin.stampis.com\/blog\/wp-content\/uploads\/2014\/10\/DSC00313-360x240.jpg 360w\" sizes=\"auto, (max-width: 600px) 100vw, 600px\" \/><\/a><\/p>\n<p style=\"text-align: center;\"><em>Noterade en v\u00e4ldig utveckling i present\u00f6ppnande sedan f\u00f6rra f\u00f6delsedagen \ud83d\ude09<\/em><a href=\"http:\/\/karin.stampis.com\/blog\/wp-content\/uploads\/2014\/10\/DSC00339.jpg\"><img loading=\"lazy\" decoding=\"async\" class=\"aligncenter size-full wp-image-18875\" alt=\"DSC00339\" src=\"http:\/\/karin.stampis.com\/blog\/wp-content\/uploads\/2014\/10\/DSC00339.jpg\" width=\"600\" height=\"400\" srcset=\"http:\/\/karin.stampis.com\/blog\/wp-content\/uploads\/2014\/10\/DSC00339.jpg 600w, http:\/\/karin.stampis.com\/blog\/wp-content\/uploads\/2014\/10\/DSC00339-360x240.jpg 360w\" sizes=\"auto, (max-width: 600px) 100vw, 600px\" \/><\/a><\/p>\n<p style=\"text-align: center;\"><em>Mycket n\u00f6jd \u00f6ver att f\u00e5tt extra bilar till samlingen &#8211; en &#8220;bambi&#8221;, en &#8220;ajaj-bi&#8221; och en &#8220;poisbi&#8221;(tack s\u00e5 mkt farfar och bonusfarmor Torni!)<\/em><a href=\"http:\/\/karin.stampis.com\/blog\/wp-content\/uploads\/2014\/10\/DSC00349.jpg\"><img loading=\"lazy\" decoding=\"async\" class=\"aligncenter size-full wp-image-18876\" alt=\"DSC00349\" src=\"http:\/\/karin.stampis.com\/blog\/wp-content\/uploads\/2014\/10\/DSC00349.jpg\" width=\"600\" height=\"400\" srcset=\"http:\/\/karin.stampis.com\/blog\/wp-content\/uploads\/2014\/10\/DSC00349.jpg 600w, http:\/\/karin.stampis.com\/blog\/wp-content\/uploads\/2014\/10\/DSC00349-360x240.jpg 360w\" sizes=\"auto, (max-width: 600px) 100vw, 600px\" \/><\/a><\/p>\n<p style=\"text-align: center;\"><em>Har som alltid arrangerat sina bilar p\u00e5 en rad.<\/em><\/p>\n<p style=\"text-align: center;\"><a href=\"http:\/\/karin.stampis.com\/blog\/wp-content\/uploads\/2014\/10\/DSC00361.jpg\"><img loading=\"lazy\" decoding=\"async\" class=\"aligncenter size-full wp-image-18879\" alt=\"DSC00361\" src=\"http:\/\/karin.stampis.com\/blog\/wp-content\/uploads\/2014\/10\/DSC00361.jpg\" width=\"600\" height=\"312\" srcset=\"http:\/\/karin.stampis.com\/blog\/wp-content\/uploads\/2014\/10\/DSC00361.jpg 600w, http:\/\/karin.stampis.com\/blog\/wp-content\/uploads\/2014\/10\/DSC00361-360x187.jpg 360w\" sizes=\"auto, (max-width: 600px) 100vw, 600px\" \/><\/a><\/p>\n<p style=\"text-align: center;\"><em>\u00d6ppnar vidare<\/em><a href=\"http:\/\/karin.stampis.com\/blog\/wp-content\/uploads\/2014\/10\/DSC00359.jpg\"><img loading=\"lazy\" decoding=\"async\" class=\"aligncenter size-full wp-image-18878\" alt=\"DSC00359\" src=\"http:\/\/karin.stampis.com\/blog\/wp-content\/uploads\/2014\/10\/DSC00359.jpg\" width=\"537\" height=\"600\" srcset=\"http:\/\/karin.stampis.com\/blog\/wp-content\/uploads\/2014\/10\/DSC00359.jpg 537w, http:\/\/karin.stampis.com\/blog\/wp-content\/uploads\/2014\/10\/DSC00359-322x360.jpg 322w\" sizes=\"auto, (max-width: 537px) 100vw, 537px\" \/><\/a><\/p>\n<p style=\"text-align: center;\"><em>En s\u00e5pbubblebl\u00e5sare!<\/em><a href=\"http:\/\/karin.stampis.com\/blog\/wp-content\/uploads\/2014\/10\/DSC00362.jpg\"><img loading=\"lazy\" decoding=\"async\" class=\"aligncenter size-full wp-image-18880\" alt=\"DSC00362\" src=\"http:\/\/karin.stampis.com\/blog\/wp-content\/uploads\/2014\/10\/DSC00362.jpg\" width=\"600\" height=\"400\" srcset=\"http:\/\/karin.stampis.com\/blog\/wp-content\/uploads\/2014\/10\/DSC00362.jpg 600w, http:\/\/karin.stampis.com\/blog\/wp-content\/uploads\/2014\/10\/DSC00362-360x240.jpg 360w\" sizes=\"auto, (max-width: 600px) 100vw, 600px\" \/><\/a><\/p>\n<p style=\"text-align: center;\"><em>Alfred diggar s\u00e5pbubblemaskinen, sv\u00e5rt dock att f\u00e5 bra bilder vid all r\u00f6relse<\/em><a href=\"http:\/\/karin.stampis.com\/blog\/wp-content\/uploads\/2014\/10\/DSC00368.jpg\"><img loading=\"lazy\" decoding=\"async\" class=\"aligncenter size-full wp-image-18881\" alt=\"DSC00368\" src=\"http:\/\/karin.stampis.com\/blog\/wp-content\/uploads\/2014\/10\/DSC00368.jpg\" width=\"600\" height=\"559\" srcset=\"http:\/\/karin.stampis.com\/blog\/wp-content\/uploads\/2014\/10\/DSC00368.jpg 600w, http:\/\/karin.stampis.com\/blog\/wp-content\/uploads\/2014\/10\/DSC00368-360x335.jpg 360w\" sizes=\"auto, (max-width: 600px) 100vw, 600px\" \/><\/a><\/p>\n<p style=\"text-align: center;\"><a href=\"http:\/\/karin.stampis.com\/blog\/wp-content\/uploads\/2014\/10\/DSC00369.jpg\"><img loading=\"lazy\" decoding=\"async\" class=\"aligncenter size-full wp-image-18882\" alt=\"DSC00369\" src=\"http:\/\/karin.stampis.com\/blog\/wp-content\/uploads\/2014\/10\/DSC00369.jpg\" width=\"597\" height=\"600\" srcset=\"http:\/\/karin.stampis.com\/blog\/wp-content\/uploads\/2014\/10\/DSC00369.jpg 597w, http:\/\/karin.stampis.com\/blog\/wp-content\/uploads\/2014\/10\/DSC00369-150x150.jpg 150w, http:\/\/karin.stampis.com\/blog\/wp-content\/uploads\/2014\/10\/DSC00369-358x360.jpg 358w\" sizes=\"auto, (max-width: 597px) 100vw, 597px\" \/><\/a><\/p>\n<p style=\"text-align: center;\"><em>En brandbil till!<\/em><\/p>\n<p style=\"text-align: center;\"><a href=\"http:\/\/karin.stampis.com\/blog\/wp-content\/uploads\/2014\/10\/DSC00373.jpg\"><img loading=\"lazy\" decoding=\"async\" class=\"aligncenter size-full wp-image-18883\" alt=\"DSC00373\" src=\"http:\/\/karin.stampis.com\/blog\/wp-content\/uploads\/2014\/10\/DSC00373.jpg\" width=\"600\" height=\"464\" srcset=\"http:\/\/karin.stampis.com\/blog\/wp-content\/uploads\/2014\/10\/DSC00373.jpg 600w, http:\/\/karin.stampis.com\/blog\/wp-content\/uploads\/2014\/10\/DSC00373-360x278.jpg 360w\" sizes=\"auto, (max-width: 600px) 100vw, 600px\" \/><\/a><\/p>\n<p style=\"text-align: center;\"><em>Stor stege<\/em><a href=\"http:\/\/karin.stampis.com\/blog\/wp-content\/uploads\/2014\/10\/DSC00380.jpg\"><img loading=\"lazy\" decoding=\"async\" class=\"aligncenter size-full wp-image-18884\" alt=\"DSC00380\" src=\"http:\/\/karin.stampis.com\/blog\/wp-content\/uploads\/2014\/10\/DSC00380.jpg\" width=\"400\" height=\"600\" srcset=\"http:\/\/karin.stampis.com\/blog\/wp-content\/uploads\/2014\/10\/DSC00380.jpg 400w, http:\/\/karin.stampis.com\/blog\/wp-content\/uploads\/2014\/10\/DSC00380-240x360.jpg 240w\" sizes=\"auto, (max-width: 400px) 100vw, 400px\" \/><\/a><\/p>\n","protected":false},"excerpt":{"rendered":"<p>Alfreds p\u00e4ron firade honom p\u00e5 torsdagskv\u00e4llen, d\u00e5 han fyllde 2. Det var ju f\u00f6r v\u00e4l att ingen var sjuk p\u00e5 just hans f\u00f6delsedag :p . Jag tror han hade ett j\u00e4ttekul firande. Han var i alla fall v\u00e4ldigt glad. F\u00f6rst &hellip; <a href=\"http:\/\/karin.stampis.com\/blog\/?p=18873\">Continue reading <span class=\"meta-nav\">&rarr;<\/span><\/a><\/p>\n","protected":false},"author":1,"featured_media":0,"comment_status":"open","ping_status":"open","sticky":false,"template":"","format":"standard","meta":{"footnotes":""},"categories":[356,322,353,369],"tags":[],"class_list":["post-18873","post","type-post","status-publish","format-standard","hentry","category-356","category-alfred","category-alfred-fyller-ar","category-oktober-2014"],"_links":{"self":[{"href":"http:\/\/karin.stampis.com\/blog\/index.php?rest_route=\/wp\/v2\/posts\/18873","targetHints":{"allow":["GET"]}}],"collection":[{"href":"http:\/\/karin.stampis.com\/blog\/index.php?rest_route=\/wp\/v2\/posts"}],"about":[{"href":"http:\/\/karin.stampis.com\/blog\/index.php?rest_route=\/wp\/v2\/types\/post"}],"author":[{"embeddable":true,"href":"http:\/\/karin.stampis.com\/blog\/index.php?rest_route=\/wp\/v2\/users\/1"}],"replies":[{"embeddable":true,"href":"http:\/\/karin.stampis.com\/blog\/index.php?rest_route=%2Fwp%2Fv2%2Fcomments&post=18873"}],"version-history":[{"count":6,"href":"http:\/\/karin.stampis.com\/blog\/index.php?rest_route=\/wp\/v2\/posts\/18873\/revisions"}],"predecessor-version":[{"id":18908,"href":"http:\/\/karin.stampis.com\/blog\/index.php?rest_route=\/wp\/v2\/posts\/18873\/revisions\/18908"}],"wp:attachment":[{"href":"http:\/\/karin.stampis.com\/blog\/index.php?rest_route=%2Fwp%2Fv2%2Fmedia&parent=18873"}],"wp:term":[{"taxonomy":"category","embeddable":true,"href":"http:\/\/karin.stampis.com\/blog\/index.php?rest_route=%2Fwp%2Fv2%2Fcategories&post=18873"},{"taxonomy":"post_tag","embeddable":true,"href":"http:\/\/karin.stampis.com\/blog\/index.php?rest_route=%2Fwp%2Fv2%2Ftags&post=18873"}],"curies":[{"name":"wp","href":"https:\/\/api.w.org\/{rel}","templated":true}]}}