{"id":18910,"date":"2014-11-05T19:25:25","date_gmt":"2014-11-05T18:25:25","guid":{"rendered":"http:\/\/karin.stampis.com\/blog\/?p=18910"},"modified":"2014-11-05T19:26:11","modified_gmt":"2014-11-05T18:26:11","slug":"forsta-barnkalaset","status":"publish","type":"post","link":"http:\/\/karin.stampis.com\/blog\/?p=18910","title":{"rendered":"F\u00f6rsta barnkalaset"},"content":{"rendered":"<p>Hade Alfreds f\u00f6rsta barnkalas i veckan, d\u00e5 vi bj\u00f6d in barnen som bor i denna raden av hus med samma modell som v\u00e5rt. Totalt med Alfred \u00e4r det fem barn i ett sn\u00e4vt \u00e5ldersintervall, sn\u00e4lla ongar allihop \ud83d\ude42 . Alfred tyckte det var j\u00e4ttekul, \u00e4ven om han undrade vad som f\u00f6rsiggick i b\u00f6rjan. Lekh\u00f6rnan p\u00e5 nedanv\u00e5ningen var uppskattad, och s\u00e4rskilt t\u00e4ltet, som visade sig kunna rymma 5 barn.<\/p>\n<p><a href=\"http:\/\/karin.stampis.com\/blog\/wp-content\/uploads\/2014\/11\/DSC00449.jpg\"><img loading=\"lazy\" decoding=\"async\" class=\"aligncenter size-full wp-image-18911\" alt=\"DSC00449\" src=\"http:\/\/karin.stampis.com\/blog\/wp-content\/uploads\/2014\/11\/DSC00449.jpg\" width=\"473\" height=\"600\" srcset=\"http:\/\/karin.stampis.com\/blog\/wp-content\/uploads\/2014\/11\/DSC00449.jpg 473w, http:\/\/karin.stampis.com\/blog\/wp-content\/uploads\/2014\/11\/DSC00449-283x360.jpg 283w\" sizes=\"auto, (max-width: 473px) 100vw, 473px\" \/><\/a><\/p>\n<p style=\"text-align: center;\"><em>Det popul\u00e4ra t\u00e4ltet<\/em><\/p>\n<p style=\"text-align: center;\"><em><\/em><a href=\"http:\/\/karin.stampis.com\/blog\/wp-content\/uploads\/2014\/11\/DSC00430.jpg\"><img loading=\"lazy\" decoding=\"async\" class=\"aligncenter size-full wp-image-18912\" alt=\"DSC00430\" src=\"http:\/\/karin.stampis.com\/blog\/wp-content\/uploads\/2014\/11\/DSC00430.jpg\" width=\"466\" height=\"600\" srcset=\"http:\/\/karin.stampis.com\/blog\/wp-content\/uploads\/2014\/11\/DSC00430.jpg 466w, http:\/\/karin.stampis.com\/blog\/wp-content\/uploads\/2014\/11\/DSC00430-279x360.jpg 279w\" sizes=\"auto, (max-width: 466px) 100vw, 466px\" \/><\/a><em>Alfred har l\u00e4rt sig det h\u00e4r med att bl\u00e5sa ut t\u00e5rtljus. T\u00e5rtan \u00e4r hemmagjord (f\u00f6rutom t\u00e5rtbotten) och blev mkt god om man f\u00e5r s\u00e4ga det sj\u00e4lv, \u00e4ven om den kanske ser lite h\u00e4ngig ut.<\/em><\/p>\n<p style=\"text-align: center;\">(undrar n\u00e5gon varf\u00f6r det aldrig f\u00f6rekommer bilder p\u00e5 andra kids p\u00e5 bloggen s\u00e5 beror det p\u00e5 att jag inte vill l\u00e4gga ut detta utan att fr\u00e5ga deras p\u00e4ron f\u00f6rst, och det missar jag alltid att fr\u00e5ga.)<\/p>\n","protected":false},"excerpt":{"rendered":"<p>Hade Alfreds f\u00f6rsta barnkalas i veckan, d\u00e5 vi bj\u00f6d in barnen som bor i denna raden av hus med samma modell som v\u00e5rt. Totalt med Alfred \u00e4r det fem barn i ett sn\u00e4vt \u00e5ldersintervall, sn\u00e4lla ongar allihop \ud83d\ude42 . Alfred &hellip; <a href=\"http:\/\/karin.stampis.com\/blog\/?p=18910\">Continue reading <span class=\"meta-nav\">&rarr;<\/span><\/a><\/p>\n","protected":false},"author":1,"featured_media":0,"comment_status":"open","ping_status":"open","sticky":false,"template":"","format":"standard","meta":{"footnotes":""},"categories":[356,322,353],"tags":[],"class_list":["post-18910","post","type-post","status-publish","format-standard","hentry","category-356","category-alfred","category-alfred-fyller-ar"],"_links":{"self":[{"href":"http:\/\/karin.stampis.com\/blog\/index.php?rest_route=\/wp\/v2\/posts\/18910","targetHints":{"allow":["GET"]}}],"collection":[{"href":"http:\/\/karin.stampis.com\/blog\/index.php?rest_route=\/wp\/v2\/posts"}],"about":[{"href":"http:\/\/karin.stampis.com\/blog\/index.php?rest_route=\/wp\/v2\/types\/post"}],"author":[{"embeddable":true,"href":"http:\/\/karin.stampis.com\/blog\/index.php?rest_route=\/wp\/v2\/users\/1"}],"replies":[{"embeddable":true,"href":"http:\/\/karin.stampis.com\/blog\/index.php?rest_route=%2Fwp%2Fv2%2Fcomments&post=18910"}],"version-history":[{"count":3,"href":"http:\/\/karin.stampis.com\/blog\/index.php?rest_route=\/wp\/v2\/posts\/18910\/revisions"}],"predecessor-version":[{"id":18915,"href":"http:\/\/karin.stampis.com\/blog\/index.php?rest_route=\/wp\/v2\/posts\/18910\/revisions\/18915"}],"wp:attachment":[{"href":"http:\/\/karin.stampis.com\/blog\/index.php?rest_route=%2Fwp%2Fv2%2Fmedia&parent=18910"}],"wp:term":[{"taxonomy":"category","embeddable":true,"href":"http:\/\/karin.stampis.com\/blog\/index.php?rest_route=%2Fwp%2Fv2%2Fcategories&post=18910"},{"taxonomy":"post_tag","embeddable":true,"href":"http:\/\/karin.stampis.com\/blog\/index.php?rest_route=%2Fwp%2Fv2%2Ftags&post=18910"}],"curies":[{"name":"wp","href":"https:\/\/api.w.org\/{rel}","templated":true}]}}