{"id":18937,"date":"2014-11-14T19:54:57","date_gmt":"2014-11-14T18:54:57","guid":{"rendered":"http:\/\/karin.stampis.com\/blog\/?p=18937"},"modified":"2014-11-14T19:54:57","modified_gmt":"2014-11-14T18:54:57","slug":"fredag-24","status":"publish","type":"post","link":"http:\/\/karin.stampis.com\/blog\/?p=18937","title":{"rendered":"fredag!"},"content":{"rendered":"<p>S\u00e5 \u00e4r det fredag \ud83d\ude42 . V\u00e4ldigt sk\u00f6nt d\u00e5 veckorna \u00e4r s\u00e5 intensiva. Har haft en bra flow p\u00e5 jobbet ett l\u00e5ngt tag nu d\u00e5 jag k\u00e4nt mig s\u00e5 j\u00e4kla smart \ud83d\ude09 , men hybrisen straffade sig nog, f\u00f6r de senaste tv\u00e5 dagarna har jag k\u00e4nt mig s\u00e5 j\u00e4kla tr\u00f6g och l\u00e5ngsam. Hj\u00e4rnan har nog blivit lite vidbr\u00e4nd :p . Men har i vilket fall haft himla roliga jobbuppgifter p\u00e5 sistone \ud83d\ude42 , om \u00e4n v\u00e4ldigt tankeintensiva. G\u00f6tt, f\u00f6r en bra jobbperiod \u00e4r bra att ha som buffert d\u00e5 ans\u00f6kningsperioden b\u00f6rjar snart&#8230;<\/p>\n<p>S\u00e5 det \u00e4r sk\u00f6nt f\u00f6r hj\u00e4rnan att ta en liten paus i helgen. Denna helgen har jag inget planerat, och det \u00e4r g\u00f6tt tycker jag. Hoppas det blir en l\u00e5\u00e5\u00e5ng skogpromenad och ett l\u00e5ngkok, samt lite sm\u00e5fix med huset. Och kanske tid f\u00f6r lite kreativa saker &#8211; \u00e4r s\u00e5 s\u00e4llan man kommer in p\u00e5 den v\u00e5gl\u00e4ngden tycker jag. Och mys med Alfred s\u00e5klart \ud83d\ude42<\/p>\n<p style=\"text-align: center;\"><a href=\"http:\/\/karin.stampis.com\/blog\/wp-content\/uploads\/2014\/11\/DSC00538.jpg\"><img loading=\"lazy\" decoding=\"async\" class=\"aligncenter size-medium wp-image-18938\" alt=\"DSC00538\" src=\"http:\/\/karin.stampis.com\/blog\/wp-content\/uploads\/2014\/11\/DSC00538-345x360.jpg\" width=\"345\" height=\"360\" srcset=\"http:\/\/karin.stampis.com\/blog\/wp-content\/uploads\/2014\/11\/DSC00538-345x360.jpg 345w, http:\/\/karin.stampis.com\/blog\/wp-content\/uploads\/2014\/11\/DSC00538.jpg 575w\" sizes=\"auto, (max-width: 345px) 100vw, 345px\" \/><\/a><em>Gillar detta fotot, men det blev j\u00e4kligt skum arm :p . Pallade dock inte photoshoppa :p<\/em><\/p>\n","protected":false},"excerpt":{"rendered":"<p>S\u00e5 \u00e4r det fredag \ud83d\ude42 . V\u00e4ldigt sk\u00f6nt d\u00e5 veckorna \u00e4r s\u00e5 intensiva. Har haft en bra flow p\u00e5 jobbet ett l\u00e5ngt tag nu d\u00e5 jag k\u00e4nt mig s\u00e5 j\u00e4kla smart \ud83d\ude09 , men hybrisen straffade sig nog, f\u00f6r de &hellip; <a href=\"http:\/\/karin.stampis.com\/blog\/?p=18937\">Continue reading <span class=\"meta-nav\">&rarr;<\/span><\/a><\/p>\n","protected":false},"author":1,"featured_media":0,"comment_status":"open","ping_status":"open","sticky":false,"template":"","format":"standard","meta":{"footnotes":""},"categories":[356,322,370],"tags":[],"class_list":["post-18937","post","type-post","status-publish","format-standard","hentry","category-356","category-alfred","category-november-2014"],"_links":{"self":[{"href":"http:\/\/karin.stampis.com\/blog\/index.php?rest_route=\/wp\/v2\/posts\/18937","targetHints":{"allow":["GET"]}}],"collection":[{"href":"http:\/\/karin.stampis.com\/blog\/index.php?rest_route=\/wp\/v2\/posts"}],"about":[{"href":"http:\/\/karin.stampis.com\/blog\/index.php?rest_route=\/wp\/v2\/types\/post"}],"author":[{"embeddable":true,"href":"http:\/\/karin.stampis.com\/blog\/index.php?rest_route=\/wp\/v2\/users\/1"}],"replies":[{"embeddable":true,"href":"http:\/\/karin.stampis.com\/blog\/index.php?rest_route=%2Fwp%2Fv2%2Fcomments&post=18937"}],"version-history":[{"count":1,"href":"http:\/\/karin.stampis.com\/blog\/index.php?rest_route=\/wp\/v2\/posts\/18937\/revisions"}],"predecessor-version":[{"id":18939,"href":"http:\/\/karin.stampis.com\/blog\/index.php?rest_route=\/wp\/v2\/posts\/18937\/revisions\/18939"}],"wp:attachment":[{"href":"http:\/\/karin.stampis.com\/blog\/index.php?rest_route=%2Fwp%2Fv2%2Fmedia&parent=18937"}],"wp:term":[{"taxonomy":"category","embeddable":true,"href":"http:\/\/karin.stampis.com\/blog\/index.php?rest_route=%2Fwp%2Fv2%2Fcategories&post=18937"},{"taxonomy":"post_tag","embeddable":true,"href":"http:\/\/karin.stampis.com\/blog\/index.php?rest_route=%2Fwp%2Fv2%2Ftags&post=18937"}],"curies":[{"name":"wp","href":"https:\/\/api.w.org\/{rel}","templated":true}]}}