{"id":18958,"date":"2014-11-23T16:50:01","date_gmt":"2014-11-23T15:50:01","guid":{"rendered":"http:\/\/karin.stampis.com\/blog\/?p=18958"},"modified":"2014-11-23T16:50:01","modified_gmt":"2014-11-23T15:50:01","slug":"skogpromenad","status":"publish","type":"post","link":"http:\/\/karin.stampis.com\/blog\/?p=18958","title":{"rendered":"Skogpromenad"},"content":{"rendered":"<p>F\u00f6rs\u00f6ker att ta lite skogspromenader d\u00e5 och d\u00e5, s\u00e5 inte Alfred blir en s\u00e5dan unge som undrar vad man ska i naturen att g\u00f6ra *ryser*. Nu var vi mest runt Skrylleg\u00e5rden som inte \u00e4r n\u00e5gon vildmark direkt med elljussp\u00e5r och lekplatser, men \u00e4ndock. Alfred gick offroad, men gick in p\u00e5 elljussp\u00e5ret d\u00e5 och d\u00e5 f\u00f6r att springa efter joggare.<\/p>\n<p><a href=\"http:\/\/karin.stampis.com\/blog\/wp-content\/uploads\/2014\/11\/DSC00563-2.jpg\"><img loading=\"lazy\" decoding=\"async\" class=\"aligncenter size-medium wp-image-18963\" alt=\"DSC00563-2\" src=\"http:\/\/karin.stampis.com\/blog\/wp-content\/uploads\/2014\/11\/DSC00563-2-360x224.jpg\" width=\"360\" height=\"224\" srcset=\"http:\/\/karin.stampis.com\/blog\/wp-content\/uploads\/2014\/11\/DSC00563-2-360x224.jpg 360w, http:\/\/karin.stampis.com\/blog\/wp-content\/uploads\/2014\/11\/DSC00563-2.jpg 600w\" sizes=\"auto, (max-width: 360px) 100vw, 360px\" \/><\/a> <a href=\"http:\/\/karin.stampis.com\/blog\/wp-content\/uploads\/2014\/11\/DSC00564-21.jpg\"><img loading=\"lazy\" decoding=\"async\" class=\"aligncenter size-medium wp-image-18962\" alt=\"DSC00564-2\" src=\"http:\/\/karin.stampis.com\/blog\/wp-content\/uploads\/2014\/11\/DSC00564-21-360x256.jpg\" width=\"360\" height=\"256\" srcset=\"http:\/\/karin.stampis.com\/blog\/wp-content\/uploads\/2014\/11\/DSC00564-21-360x256.jpg 360w, http:\/\/karin.stampis.com\/blog\/wp-content\/uploads\/2014\/11\/DSC00564-21.jpg 600w\" sizes=\"auto, (max-width: 360px) 100vw, 360px\" \/><\/a><\/p>\n<p style=\"text-align: center;\"><em>Kollar upp<\/em><a href=\"http:\/\/karin.stampis.com\/blog\/wp-content\/uploads\/2014\/11\/DSC00569-2.jpg\"><img loading=\"lazy\" decoding=\"async\" class=\"aligncenter size-medium wp-image-18961\" alt=\"DSC00569-2\" src=\"http:\/\/karin.stampis.com\/blog\/wp-content\/uploads\/2014\/11\/DSC00569-2-360x224.jpg\" width=\"360\" height=\"224\" srcset=\"http:\/\/karin.stampis.com\/blog\/wp-content\/uploads\/2014\/11\/DSC00569-2-360x224.jpg 360w, http:\/\/karin.stampis.com\/blog\/wp-content\/uploads\/2014\/11\/DSC00569-2.jpg 600w\" sizes=\"auto, (max-width: 360px) 100vw, 360px\" \/><\/a><\/p>\n<p style=\"text-align: center;\"><em>H\u00f6gt tr\u00e4d<\/em> <a href=\"http:\/\/karin.stampis.com\/blog\/wp-content\/uploads\/2014\/11\/DSC00570-2.jpg\"><img loading=\"lazy\" decoding=\"async\" class=\"aligncenter size-medium wp-image-18960\" alt=\"DSC00570-2\" src=\"http:\/\/karin.stampis.com\/blog\/wp-content\/uploads\/2014\/11\/DSC00570-2-240x360.jpg\" width=\"240\" height=\"360\" srcset=\"http:\/\/karin.stampis.com\/blog\/wp-content\/uploads\/2014\/11\/DSC00570-2-240x360.jpg 240w, http:\/\/karin.stampis.com\/blog\/wp-content\/uploads\/2014\/11\/DSC00570-2.jpg 400w\" sizes=\"auto, (max-width: 240px) 100vw, 240px\" \/><\/a><\/p>\n<p style=\"text-align: center;\"><em>Fast lekplatsen \u00e4r \u00e4nd\u00e5 popul\u00e4rast<\/em><a href=\"http:\/\/karin.stampis.com\/blog\/wp-content\/uploads\/2014\/11\/DSC00575-21.jpg\"><img loading=\"lazy\" decoding=\"async\" class=\"aligncenter size-full wp-image-18959\" alt=\"DSC00575-2\" src=\"http:\/\/karin.stampis.com\/blog\/wp-content\/uploads\/2014\/11\/DSC00575-21.jpg\" width=\"449\" height=\"600\" srcset=\"http:\/\/karin.stampis.com\/blog\/wp-content\/uploads\/2014\/11\/DSC00575-21.jpg 449w, http:\/\/karin.stampis.com\/blog\/wp-content\/uploads\/2014\/11\/DSC00575-21-269x360.jpg 269w\" sizes=\"auto, (max-width: 449px) 100vw, 449px\" \/><\/a><\/p>\n","protected":false},"excerpt":{"rendered":"<p>F\u00f6rs\u00f6ker att ta lite skogspromenader d\u00e5 och d\u00e5, s\u00e5 inte Alfred blir en s\u00e5dan unge som undrar vad man ska i naturen att g\u00f6ra *ryser*. Nu var vi mest runt Skrylleg\u00e5rden som inte \u00e4r n\u00e5gon vildmark direkt med elljussp\u00e5r och &hellip; <a href=\"http:\/\/karin.stampis.com\/blog\/?p=18958\">Continue reading <span class=\"meta-nav\">&rarr;<\/span><\/a><\/p>\n","protected":false},"author":1,"featured_media":0,"comment_status":"open","ping_status":"open","sticky":false,"template":"","format":"standard","meta":{"footnotes":""},"categories":[356,322,370],"tags":[],"class_list":["post-18958","post","type-post","status-publish","format-standard","hentry","category-356","category-alfred","category-november-2014"],"_links":{"self":[{"href":"http:\/\/karin.stampis.com\/blog\/index.php?rest_route=\/wp\/v2\/posts\/18958","targetHints":{"allow":["GET"]}}],"collection":[{"href":"http:\/\/karin.stampis.com\/blog\/index.php?rest_route=\/wp\/v2\/posts"}],"about":[{"href":"http:\/\/karin.stampis.com\/blog\/index.php?rest_route=\/wp\/v2\/types\/post"}],"author":[{"embeddable":true,"href":"http:\/\/karin.stampis.com\/blog\/index.php?rest_route=\/wp\/v2\/users\/1"}],"replies":[{"embeddable":true,"href":"http:\/\/karin.stampis.com\/blog\/index.php?rest_route=%2Fwp%2Fv2%2Fcomments&post=18958"}],"version-history":[{"count":4,"href":"http:\/\/karin.stampis.com\/blog\/index.php?rest_route=\/wp\/v2\/posts\/18958\/revisions"}],"predecessor-version":[{"id":18969,"href":"http:\/\/karin.stampis.com\/blog\/index.php?rest_route=\/wp\/v2\/posts\/18958\/revisions\/18969"}],"wp:attachment":[{"href":"http:\/\/karin.stampis.com\/blog\/index.php?rest_route=%2Fwp%2Fv2%2Fmedia&parent=18958"}],"wp:term":[{"taxonomy":"category","embeddable":true,"href":"http:\/\/karin.stampis.com\/blog\/index.php?rest_route=%2Fwp%2Fv2%2Fcategories&post=18958"},{"taxonomy":"post_tag","embeddable":true,"href":"http:\/\/karin.stampis.com\/blog\/index.php?rest_route=%2Fwp%2Fv2%2Ftags&post=18958"}],"curies":[{"name":"wp","href":"https:\/\/api.w.org\/{rel}","templated":true}]}}