{"id":1900,"date":"2009-02-11T19:40:47","date_gmt":"2009-02-11T18:40:47","guid":{"rendered":"http:\/\/karin.stampis.com\/blog\/?p=1900"},"modified":"2009-02-11T19:40:47","modified_gmt":"2009-02-11T18:40:47","slug":"optimist-javisst","status":"publish","type":"post","link":"http:\/\/karin.stampis.com\/blog\/?p=1900","title":{"rendered":"Optimist javisst"},"content":{"rendered":"<p>Jag vet det har varit mycket gn\u00e4ll p\u00e5 bloggen p\u00e5 sistone. Men idag har jag lovat att ha ett optimistiskt inl\u00e4gg \ud83d\ude42 ! Jag \u00e4r lite pessimistisk till min l\u00e4ggning om man s\u00e4ger s\u00e5, men det s\u00e4gs ju att optimism ska vara en egenskap som man ska kunna tr\u00e4na upp, s\u00e5 jag ska g\u00f6ra ett f\u00f6rs\u00f6k  (igen \ud83d\ude09 ) att bli optimist. Jag har Anna som kollar upp mig p\u00e5 jobbet (och bloggen) och min optimist-make som kollar upp mig hemma s\u00e5 kan jag ju inte smita fr\u00e5n den h\u00e4r uppgiften&#8230;<\/p>\n<p>Har tidigare varit inne p\u00e5 att \u00f6va upp optimismen genom att skriva ner tre saker var dag som har varit bra. Detta gick inte s\u00e5 bra eftersom jag var lite v\u00e4l f\u00f6rtjust att l\u00e4gga in bisatser som b\u00f6rjade p\u00e5 MEN eller hade INTE sig. S\u00e5 nu ska jag f\u00f6rbjuda dom. Ska inleda med att skriva FEM bra saker som h\u00e4nt under dagen i detta inl\u00e4gg, sen ska jag l\u00e4gga ut tre bra saker varje dag i h\u00f6gerspalten s\u00e5 ni kan kolla att jag g\u00f6r mina optimist-\u00f6vningar \ud83d\ude09 .<\/p>\n<p>1. Gjorde en god altruistisk g\u00e4rning (flyttat Annas bokhylla), och fick en croissant f\u00f6r detta. Croissanten var v\u00e4ldigt god att \u00e4ta p\u00e5 eftermiddagen (den h\u00e4r meningen fick jag hj\u00e4lp med av Anna &#8211; och det \u00e4r ju tre bra saker i en mening! D\u00e5 har jag bara 2 kvar \ud83d\ude09 ).<\/p>\n<p>4. Var ute och fikade med Jimmy p\u00e5 Barista , vilket var mysigt och gott. K\u00e4kade gr\u00e4dd\u00e4delost p\u00e5 ekologiskt dinkel surdegsbr\u00f6d<span class=\"fr\"> &#8211;<\/span> med fikonmarmelad, valn\u00f6tter, cream cheese och lollo rosso. Dock s\u00e5g jag inga valn\u00f6tter, men det gjorde inget f\u00f6r valn\u00f6ts-fantasten Karin tyckte det var v\u00e4ldigt gott i vilket fall (positivt t\u00e4nkande).<\/p>\n<p>5. Sen var vi ute och gick en runda parken, vilket var trevligt. Var mycket fint ljus! Det hade jag inte tippat p\u00e5 s\u00e5 hade inte tagit med mig kameran. Men det g\u00f6r inget &#8211; kommer nog en fin ljus och promenadkv\u00e4ll snart igen och d\u00e5 ska jag ha den redo(positivt t\u00e4nkande igen)!<\/p>\n<p><a rel=\"attachment wp-att-1902\" href=\"http:\/\/karin.stampis.com\/blog\/?attachment_id=1902\"><img loading=\"lazy\" decoding=\"async\" class=\"aligncenter size-full wp-image-1902\" title=\"gnagg\" src=\"http:\/\/karin.stampis.com\/blog\/wp-content\/uploads\/2009\/02\/gnagg.jpg\" alt=\"gnagg\" width=\"306\" height=\"242\" \/><\/a><em>Smile<\/em><\/p>\n","protected":false},"excerpt":{"rendered":"<p>Jag vet det har varit mycket gn\u00e4ll p\u00e5 bloggen p\u00e5 sistone. Men idag har jag lovat att ha ett optimistiskt inl\u00e4gg \ud83d\ude42 ! Jag \u00e4r lite pessimistisk till min l\u00e4ggning om man s\u00e4ger s\u00e5, men det s\u00e4gs ju att optimism &hellip; <a href=\"http:\/\/karin.stampis.com\/blog\/?p=1900\">Continue reading <span class=\"meta-nav\">&rarr;<\/span><\/a><\/p>\n","protected":false},"author":1,"featured_media":0,"comment_status":"open","ping_status":"open","sticky":false,"template":"","format":"standard","meta":{"footnotes":""},"categories":[158],"tags":[172],"class_list":["post-1900","post","type-post","status-publish","format-standard","hentry","category-februari-2009","tag-optimistkarin"],"_links":{"self":[{"href":"http:\/\/karin.stampis.com\/blog\/index.php?rest_route=\/wp\/v2\/posts\/1900","targetHints":{"allow":["GET"]}}],"collection":[{"href":"http:\/\/karin.stampis.com\/blog\/index.php?rest_route=\/wp\/v2\/posts"}],"about":[{"href":"http:\/\/karin.stampis.com\/blog\/index.php?rest_route=\/wp\/v2\/types\/post"}],"author":[{"embeddable":true,"href":"http:\/\/karin.stampis.com\/blog\/index.php?rest_route=\/wp\/v2\/users\/1"}],"replies":[{"embeddable":true,"href":"http:\/\/karin.stampis.com\/blog\/index.php?rest_route=%2Fwp%2Fv2%2Fcomments&post=1900"}],"version-history":[{"count":22,"href":"http:\/\/karin.stampis.com\/blog\/index.php?rest_route=\/wp\/v2\/posts\/1900\/revisions"}],"predecessor-version":[{"id":1923,"href":"http:\/\/karin.stampis.com\/blog\/index.php?rest_route=\/wp\/v2\/posts\/1900\/revisions\/1923"}],"wp:attachment":[{"href":"http:\/\/karin.stampis.com\/blog\/index.php?rest_route=%2Fwp%2Fv2%2Fmedia&parent=1900"}],"wp:term":[{"taxonomy":"category","embeddable":true,"href":"http:\/\/karin.stampis.com\/blog\/index.php?rest_route=%2Fwp%2Fv2%2Fcategories&post=1900"},{"taxonomy":"post_tag","embeddable":true,"href":"http:\/\/karin.stampis.com\/blog\/index.php?rest_route=%2Fwp%2Fv2%2Ftags&post=1900"}],"curies":[{"name":"wp","href":"https:\/\/api.w.org\/{rel}","templated":true}]}}