{"id":19027,"date":"2014-12-14T19:30:00","date_gmt":"2014-12-14T18:30:00","guid":{"rendered":"http:\/\/karin.stampis.com\/blog\/?p=19027"},"modified":"2014-12-14T19:47:31","modified_gmt":"2014-12-14T18:47:31","slug":"alfred-fikar","status":"publish","type":"post","link":"http:\/\/karin.stampis.com\/blog\/?p=19027","title":{"rendered":"Alfred fikar"},"content":{"rendered":"<p>Vi beh\u00f6vde inhandla lite saker i helgen, s\u00e5 vi tog en tur till Nova. Tror inte att jag varit d\u00e4r p\u00e5 10 \u00e5r, men n\u00e4r jag var student och bodde i n\u00e4rheten var jag d\u00e4r allt som oftast. Ett ganska tradigt shoppingcenter m\u00e5ste jag s\u00e4ga. Men Alfred tyckte att det var roligt. Han ville inte direkt vara still, s\u00e5 det var full rulle. Vi hade tagit med barnvagnen s\u00e5 han skulle kunna sova middag, men det ville han inte. S\u00e5 han somnade kvart i 7 p\u00e5 kv\u00e4llen efter den intensiva dagen utan lunchsov, m\u00e5ste vara rekord.<\/p>\n<p style=\"text-align: center;\"><a href=\"http:\/\/karin.stampis.com\/blog\/wp-content\/uploads\/2014\/12\/DSC_08331.jpg\"><img loading=\"lazy\" decoding=\"async\" class=\"aligncenter size-full wp-image-19030\" alt=\"DSC_0833\" src=\"http:\/\/karin.stampis.com\/blog\/wp-content\/uploads\/2014\/12\/DSC_08331.jpg\" width=\"565\" height=\"600\" srcset=\"http:\/\/karin.stampis.com\/blog\/wp-content\/uploads\/2014\/12\/DSC_08331.jpg 565w, http:\/\/karin.stampis.com\/blog\/wp-content\/uploads\/2014\/12\/DSC_08331-339x360.jpg 339w\" sizes=\"auto, (max-width: 565px) 100vw, 565px\" \/><\/a><em>Alfred som dricker smoothie. Han satt \u00e4nd\u00e5 kvar vid fikabordet ett tag, sen sprang han till aff\u00e4ren mittemot och ville prompt kl\u00e4ttra upp p\u00e5 st\u00f6ldskyddsb\u00e5garna (eller vad dessa larm vid d\u00f6rren nu kallas). Till morfar: Vi har borstat h\u00e5ret! Efter-m\u00f6ssan-h\u00e5r \ud83d\ude09 .<\/em><\/p>\n","protected":false},"excerpt":{"rendered":"<p>Vi beh\u00f6vde inhandla lite saker i helgen, s\u00e5 vi tog en tur till Nova. Tror inte att jag varit d\u00e4r p\u00e5 10 \u00e5r, men n\u00e4r jag var student och bodde i n\u00e4rheten var jag d\u00e4r allt som oftast. Ett ganska &hellip; <a href=\"http:\/\/karin.stampis.com\/blog\/?p=19027\">Continue reading <span class=\"meta-nav\">&rarr;<\/span><\/a><\/p>\n","protected":false},"author":1,"featured_media":0,"comment_status":"open","ping_status":"open","sticky":false,"template":"","format":"standard","meta":{"footnotes":""},"categories":[356,322,371],"tags":[],"class_list":["post-19027","post","type-post","status-publish","format-standard","hentry","category-356","category-alfred","category-december-2014"],"_links":{"self":[{"href":"http:\/\/karin.stampis.com\/blog\/index.php?rest_route=\/wp\/v2\/posts\/19027","targetHints":{"allow":["GET"]}}],"collection":[{"href":"http:\/\/karin.stampis.com\/blog\/index.php?rest_route=\/wp\/v2\/posts"}],"about":[{"href":"http:\/\/karin.stampis.com\/blog\/index.php?rest_route=\/wp\/v2\/types\/post"}],"author":[{"embeddable":true,"href":"http:\/\/karin.stampis.com\/blog\/index.php?rest_route=\/wp\/v2\/users\/1"}],"replies":[{"embeddable":true,"href":"http:\/\/karin.stampis.com\/blog\/index.php?rest_route=%2Fwp%2Fv2%2Fcomments&post=19027"}],"version-history":[{"count":5,"href":"http:\/\/karin.stampis.com\/blog\/index.php?rest_route=\/wp\/v2\/posts\/19027\/revisions"}],"predecessor-version":[{"id":19034,"href":"http:\/\/karin.stampis.com\/blog\/index.php?rest_route=\/wp\/v2\/posts\/19027\/revisions\/19034"}],"wp:attachment":[{"href":"http:\/\/karin.stampis.com\/blog\/index.php?rest_route=%2Fwp%2Fv2%2Fmedia&parent=19027"}],"wp:term":[{"taxonomy":"category","embeddable":true,"href":"http:\/\/karin.stampis.com\/blog\/index.php?rest_route=%2Fwp%2Fv2%2Fcategories&post=19027"},{"taxonomy":"post_tag","embeddable":true,"href":"http:\/\/karin.stampis.com\/blog\/index.php?rest_route=%2Fwp%2Fv2%2Ftags&post=19027"}],"curies":[{"name":"wp","href":"https:\/\/api.w.org\/{rel}","templated":true}]}}