{"id":19108,"date":"2015-01-02T19:14:41","date_gmt":"2015-01-02T18:14:41","guid":{"rendered":"http:\/\/karin.stampis.com\/blog\/?p=19108"},"modified":"2015-01-02T19:14:41","modified_gmt":"2015-01-02T18:14:41","slug":"2014","status":"publish","type":"post","link":"http:\/\/karin.stampis.com\/blog\/?p=19108","title":{"rendered":"2014"},"content":{"rendered":"<p>D\u00e5 var det dags f\u00f6r en \u00e5rssammanfattning!<\/p>\n<p>2014 var ett \u00e5r d\u00e5 det h\u00e4nde mycket, kanske lite f\u00f6r m\u00e5nga grejjor p\u00e5 en g\u00e5ng, f\u00f6r jag har varit r\u00e4tt s\u00e5 tr\u00f6tt och k\u00e4nt att jag alltid ligger efter med allt, speciellt mig sj\u00e4lv.<\/p>\n<p>Den st\u00f6rsta h\u00e4ndelsen var att vi slutligen flyttade ifr\u00e5n Malm\u00f6! Hela processen med att flytta tog vansinnigt mycket energi. F\u00f6rst visste vi inte om huset vi bokat skulle byggas, och efter n\u00e4stan ett \u00e5r efter vi bokat fick vi reda p\u00e5 att det inte skulle byggas. Jag blev s\u00e5 j\u00e4kla arg &#8211; de kunde ju ha hintat om det lite tidigare! Stackars m\u00e4nniska som ringde och meddelade mig detta&#8230; Men hela hushistorien var en fantastisk \u00f6vning i att se saker ur nya perspektiv, och efter detta kollade vi in visningshuset ist\u00e4llet som vi f\u00f6rst var skeptiska till. Men sen ins\u00e5g vi att det nog kunde bli j\u00e4ttebra det med (och nu \u00e4r vi himla glada att huset vi k\u00f6pte detta ist\u00e4llet, annars hade vi ju haft &#8220;fel&#8221; planl\u00f6sning, &#8220;fel&#8221; v\u00e4derstreck p\u00e5 tr\u00e4dg\u00e5rden, lagt ner pengar p\u00e5 on\u00f6diga tillval, och att det totalt sett blivit r\u00e4tt mkt dyrare \ud83d\ude09 ). En tid av tufft dealande med bolaget som byggde husen f\u00f6ljde. Efter gedigen research (de p\u00e5 jobbet har mycket roligt \u00e5t att jag gjorde statistik p\u00e5 bostadspriser i omr\u00e5det, inflation etc. Men jag \u00e4r ju nerden p\u00e5 jobbet \ud83d\ude09 ) och argumentation med bolaget (jag kan vara tuff d\u00e5 det verkligen beh\u00f6vs \ud83d\ude09 ) s\u00e5 k\u00f6pte vi till slut huset f\u00f6r ett i v\u00e5rt tycke ok pris. Sen hade vi fullt upp med att packa. Eftersom vi hade v\u00e5r f\u00f6rsta utrensning av saker sen vi flyttade till Malm\u00f6 (eller, egentligen sen vi flyttade hemifr\u00e5n&#8230; ) s\u00e5 tog den j\u00e4ttel\u00e5ng tid. Verkligen j\u00e4ttej\u00e4ttel\u00e5ng tid &#8211;\u00a0 n\u00e4stan all fritid mellan d\u00e5 vi bokade huset tills d\u00e5 vi flyttade gick \u00e5t.<\/p>\n<p style=\"text-align: center;\"><a href=\"http:\/\/karin.stampis.com\/blog\/wp-content\/uploads\/2015\/01\/DSC_0346.jpg\"><img loading=\"lazy\" decoding=\"async\" class=\"aligncenter size-full wp-image-19112\" src=\"http:\/\/karin.stampis.com\/blog\/wp-content\/uploads\/2015\/01\/DSC_0346.jpg\" alt=\"DSC_0346\" width=\"600\" height=\"488\" srcset=\"http:\/\/karin.stampis.com\/blog\/wp-content\/uploads\/2015\/01\/DSC_0346.jpg 600w, http:\/\/karin.stampis.com\/blog\/wp-content\/uploads\/2015\/01\/DSC_0346-360x293.jpg 360w\" sizes=\"auto, (max-width: 600px) 100vw, 600px\" \/><\/a><em>Flyttl\u00e5dorna var det b\u00e4sta med att flyttfixa tyckte Alfred. Han gillade inte oordningen och att saker och ting f\u00f6rsvann. Mest uppr\u00f6rd blev han d\u00e5 sovrumslampan f\u00f6rsvann.<\/em><\/p>\n<p style=\"text-align: center;\"><a href=\"http:\/\/karin.stampis.com\/blog\/wp-content\/uploads\/2015\/01\/DSC_0283.jpg\"><img loading=\"lazy\" decoding=\"async\" class=\"aligncenter size-full wp-image-19113\" src=\"http:\/\/karin.stampis.com\/blog\/wp-content\/uploads\/2015\/01\/DSC_0283.jpg\" alt=\"DSC_0283\" width=\"600\" height=\"338\" srcset=\"http:\/\/karin.stampis.com\/blog\/wp-content\/uploads\/2015\/01\/DSC_0283.jpg 600w, http:\/\/karin.stampis.com\/blog\/wp-content\/uploads\/2015\/01\/DSC_0283-360x203.jpg 360w\" sizes=\"auto, (max-width: 600px) 100vw, 600px\" \/><\/a><em>Baj baj Malm\u00f6! Ovan \u00e4r vyn fr\u00e5n v\u00e5r balkong. I ett av husen l\u00e4ngst bort s\u00e5 s\u00e5g vi f\u00f6rresten Alfred f\u00f6r f\u00f6rsta g\u00e5ngen, p\u00e5 Emmakliniken.<\/em><\/p>\n<p>Men slutligen kom flyttdagen, det k\u00e4ndes helt overkligt! J\u00e4ttesk\u00f6nt att flytta till n\u00e5got nytt och fr\u00e4scht och lugnt \ud83d\ude42 . Sen har det varit mycket att fixa med huset och det mesta av semestern gick \u00e5t till detta, men det g\u00e5r fram\u00e5t med fixandet. Nu har vi gr\u00e4smatta, asfalterad uppfart, persienner, lampor m.m samt en k\u00f6ks\u00f6 p\u00e5 ing\u00e5ende. S\u00e5 all tid med barnpassning har vi tokshoppat &#8211; inte min favoritsyssels\u00e4ttning, men det beh\u00f6vs g\u00f6ras. Nu \u00e4r ganska mycket fixat \u00e4ven om en del \u00e4r kvar, men jag hoppas p\u00e5 ett lite lugnare tempo med husfix 2015&#8230;<\/p>\n<p style=\"text-align: center;\"><a href=\"http:\/\/karin.stampis.com\/blog\/wp-content\/uploads\/2015\/01\/DSC00725.jpg\"><img loading=\"lazy\" decoding=\"async\" class=\"aligncenter size-full wp-image-19114\" src=\"http:\/\/karin.stampis.com\/blog\/wp-content\/uploads\/2015\/01\/DSC00725.jpg\" alt=\"DSC00725\" width=\"600\" height=\"400\" srcset=\"http:\/\/karin.stampis.com\/blog\/wp-content\/uploads\/2015\/01\/DSC00725.jpg 600w, http:\/\/karin.stampis.com\/blog\/wp-content\/uploads\/2015\/01\/DSC00725-360x240.jpg 360w\" sizes=\"auto, (max-width: 600px) 100vw, 600px\" \/><\/a><em>M\u00e5nga leveranser av stora paket blev det. H\u00e4r \u00e4r ett i likartad storlek som v\u00e5r k\u00f6ks\u00f6 (lite kortare p\u00e5 l\u00e5ngsidan) som vi hade som test-k\u00f6ks\u00f6 ett tag.<\/em><\/p>\n<p>Det h\u00e4nde m\u00e5nga andra f\u00f6r\u00e4ndringar i livet, bl.a. att Alfred b\u00f6rjade f\u00f6rskola! Inskolningen gick fint och han verkar trivas finfint. Och jag k\u00e4nde inte alls den \u00e5ngest man ofta l\u00e4ser att f\u00f6r\u00e4ldrar f\u00e5r d\u00e5 barnen ska b\u00f6rja f\u00f6rskola, jag tyckte att det k\u00e4ndes som ett naturligt steg f\u00f6r alla, nu d\u00e5 han var n\u00e4stan 2 \u00e5r d\u00e5 han b\u00f6rjade. Det blir en annan typ av vardag att anpassa sig till f\u00f6r alla, men det g\u00e5r fram\u00e5t.<\/p>\n<p style=\"text-align: center;\"><a href=\"http:\/\/karin.stampis.com\/blog\/wp-content\/uploads\/2015\/01\/DSC00184.jpg\"><img loading=\"lazy\" decoding=\"async\" class=\"aligncenter size-full wp-image-19115\" src=\"http:\/\/karin.stampis.com\/blog\/wp-content\/uploads\/2015\/01\/DSC00184.jpg\" alt=\"DSC00184\" width=\"600\" height=\"360\" srcset=\"http:\/\/karin.stampis.com\/blog\/wp-content\/uploads\/2015\/01\/DSC00184.jpg 600w, http:\/\/karin.stampis.com\/blog\/wp-content\/uploads\/2015\/01\/DSC00184-360x216.jpg 360w\" sizes=\"auto, (max-width: 600px) 100vw, 600px\" \/><\/a><em>Alfred f\u00f6revisar en del av f\u00f6rskolans uteplats<br \/>\n<\/em><\/p>\n<p>Och det k\u00e4ndes bra att jobba heltid &#8211; jobba 50%-60% under s\u00e5 l\u00e5ng tid (ett \u00e5r) var ingen h\u00f6jdare. Bara stressigt f\u00f6r att man varken hann med det ena eller det andra. Jobbet blev mycket b\u00e4ttre d\u00e5 jag b\u00f6rjade med heltid igen. Jobbet p\u00e5 universitet \u00e4r os\u00e4kert och det har varit m\u00e5nga f\u00f6r\u00e4ndringar \u00e4ven h\u00e4r, men jag orkar inte l\u00e4ngre bry mig om os\u00e4kerheten utan tar det mer som det kommer. F\u00f6rsta kvartalet var jag sjukt stressad p.g.a. ans\u00f6kningar samt f\u00f6r att jag skulle \u00e5ka till USA och prata p\u00e5 deras nationella h\u00e4lsomyndighet, men sen tog sig jobbet och under andra halv\u00e5ret har jag l\u00e4rt mig j\u00e4ttemycket inom dataanalyser, skitkul \ud83d\ude42 !<\/p>\n<p>Mycket har h\u00e4nt med Alfred under \u00e5ret. Ordningsam som han \u00e4r s\u00e5 trivdes han inte alls d\u00e5 vi flyttpackade och fixade. Men det var f\u00f6r ett bra syfte &#8211; han gillar huset och dess \u00f6ppna ytor! Han \u00e4r en energisk kille som springer och kl\u00e4ttrar mycket. Han verkar ha bra med energi f\u00f6r f\u00f6rskolan f\u00f6r det brukar vara full rulle d\u00e5 vi h\u00e4mtar honom. Nu har han b\u00f6rjat prata mer och mer, och s\u00e4ger l\u00e5nga meningar, \u00e4ven om ordet &#8220;inte&#8221; finns med i 90% av meningarna. Han \u00e4r en empatisk kille som alltid p\u00e5pekar och ser riktigt ber\u00f6rd ut d\u00e5 n\u00e5gon gr\u00e5ter p\u00e5 tv. Han gillar att se p\u00e5 tv (Laban, Alfons och Bamse \u00e4r favoriterna), l\u00e4gga pussel och l\u00e4sa b\u00f6cker.<\/p>\n<p style=\"text-align: center;\"><a href=\"http:\/\/karin.stampis.com\/blog\/wp-content\/uploads\/2015\/01\/DSC00988.jpg\"><img loading=\"lazy\" decoding=\"async\" class=\"aligncenter size-full wp-image-19116\" src=\"http:\/\/karin.stampis.com\/blog\/wp-content\/uploads\/2015\/01\/DSC00988.jpg\" alt=\"DSC00988\" width=\"600\" height=\"390\" srcset=\"http:\/\/karin.stampis.com\/blog\/wp-content\/uploads\/2015\/01\/DSC00988.jpg 600w, http:\/\/karin.stampis.com\/blog\/wp-content\/uploads\/2015\/01\/DSC00988-360x234.jpg 360w\" sizes=\"auto, (max-width: 600px) 100vw, 600px\" \/><\/a> <a href=\"http:\/\/karin.stampis.com\/blog\/wp-content\/uploads\/2015\/01\/DSC00984.jpg\"><img loading=\"lazy\" decoding=\"async\" class=\"aligncenter size-full wp-image-19117\" src=\"http:\/\/karin.stampis.com\/blog\/wp-content\/uploads\/2015\/01\/DSC00984.jpg\" alt=\"DSC00984\" width=\"490\" height=\"600\" srcset=\"http:\/\/karin.stampis.com\/blog\/wp-content\/uploads\/2015\/01\/DSC00984.jpg 490w, http:\/\/karin.stampis.com\/blog\/wp-content\/uploads\/2015\/01\/DSC00984-294x360.jpg 294w\" sizes=\"auto, (max-width: 490px) 100vw, 490px\" \/><\/a> <a href=\"http:\/\/karin.stampis.com\/blog\/wp-content\/uploads\/2015\/01\/DSC00980.jpg\"><img loading=\"lazy\" decoding=\"async\" class=\"aligncenter size-full wp-image-19118\" src=\"http:\/\/karin.stampis.com\/blog\/wp-content\/uploads\/2015\/01\/DSC00980.jpg\" alt=\"DSC00980\" width=\"400\" height=\"600\" srcset=\"http:\/\/karin.stampis.com\/blog\/wp-content\/uploads\/2015\/01\/DSC00980.jpg 400w, http:\/\/karin.stampis.com\/blog\/wp-content\/uploads\/2015\/01\/DSC00980-240x360.jpg 240w\" sizes=\"auto, (max-width: 400px) 100vw, 400px\" \/><\/a><em>Alfred springer runt i den \u00f6ppna planl\u00f6sningen p\u00e5 bottenv\u00e5ningen<\/em><\/p>\n<p>Resor har det inte blivit s\u00e5 mycket med i \u00e5r (har verkligen inte haft tid eller energi till det heller). Men har varit p\u00e5 jobbresa i USA. Var i North Carolina, s\u00e5 jag s\u00e5g en annan typ av USA \u00e4n jag sett innan (Seattle och NY). H\u00e4r var det bilar och v\u00e4gar \u00f6verallt och folk s\u00e5g v\u00e4ldigt gangsta ut.<\/p>\n<p><a href=\"http:\/\/karin.stampis.com\/blog\/wp-content\/uploads\/2015\/01\/DSC_0208.jpg\"><img loading=\"lazy\" decoding=\"async\" class=\"aligncenter size-full wp-image-19119\" src=\"http:\/\/karin.stampis.com\/blog\/wp-content\/uploads\/2015\/01\/DSC_0208.jpg\" alt=\"DSC_0208\" width=\"506\" height=\"600\" srcset=\"http:\/\/karin.stampis.com\/blog\/wp-content\/uploads\/2015\/01\/DSC_0208.jpg 506w, http:\/\/karin.stampis.com\/blog\/wp-content\/uploads\/2015\/01\/DSC_0208-304x360.jpg 304w\" sizes=\"auto, (max-width: 506px) 100vw, 506px\" \/><\/a><\/p>\n<p>Var \u00e4ven p\u00e5 jobbresa till London, och uppt\u00e4ckte att jag inte alls tyckte London var s\u00e5 speciellt som f\u00f6r 15 \u00e5r sedan. Gr\u00e5tt, slitet och en massa folk. Inte ens julskyltningen var s\u00e5 vacker som jag kom ih\u00e5g den. Men det var en bra resa i vilket fall!<\/p>\n<p><a href=\"http:\/\/karin.stampis.com\/blog\/wp-content\/uploads\/2015\/01\/DSC00750.jpg\"><img loading=\"lazy\" decoding=\"async\" class=\"aligncenter size-full wp-image-19120\" src=\"http:\/\/karin.stampis.com\/blog\/wp-content\/uploads\/2015\/01\/DSC00750.jpg\" alt=\"DSC00750\" width=\"600\" height=\"448\" srcset=\"http:\/\/karin.stampis.com\/blog\/wp-content\/uploads\/2015\/01\/DSC00750.jpg 600w, http:\/\/karin.stampis.com\/blog\/wp-content\/uploads\/2015\/01\/DSC00750-360x269.jpg 360w\" sizes=\"auto, (max-width: 600px) 100vw, 600px\" \/><\/a><\/p>\n<p>Var \u00e4ven p\u00e5 n\u00e5gra weekends med maken &#8211; p\u00e5 Karlaby Kro, the Lodge och \u00c4ngavallen. S\u00e5\u00e5 sk\u00f6na weekends. Man beh\u00f6ver komma iv\u00e4g lite ibland.<\/p>\n<p style=\"text-align: center;\"><a href=\"http:\/\/karin.stampis.com\/blog\/wp-content\/uploads\/2015\/01\/DSC_0201.jpg\"><img loading=\"lazy\" decoding=\"async\" class=\"aligncenter wp-image-19121 size-medium\" src=\"http:\/\/karin.stampis.com\/blog\/wp-content\/uploads\/2015\/01\/DSC_0201-274x360.jpg\" alt=\"\" width=\"274\" height=\"360\" \/><\/a> <a href=\"http:\/\/karin.stampis.com\/blog\/wp-content\/uploads\/2015\/01\/DSC_0199.jpg\"><img loading=\"lazy\" decoding=\"async\" class=\"aligncenter size-full wp-image-19122\" src=\"http:\/\/karin.stampis.com\/blog\/wp-content\/uploads\/2015\/01\/DSC_0199.jpg\" alt=\"DSC_0199\" width=\"600\" height=\"338\" srcset=\"http:\/\/karin.stampis.com\/blog\/wp-content\/uploads\/2015\/01\/DSC_0199.jpg 600w, http:\/\/karin.stampis.com\/blog\/wp-content\/uploads\/2015\/01\/DSC_0199-360x203.jpg 360w\" sizes=\"auto, (max-width: 600px) 100vw, 600px\" \/><\/a><em>Chill p\u00e5 Karlaby Kro<\/em><\/p>\n<p style=\"text-align: center;\"><a href=\"http:\/\/karin.stampis.com\/blog\/wp-content\/uploads\/2015\/01\/DSC00075.jpg\"><img loading=\"lazy\" decoding=\"async\" class=\"aligncenter size-full wp-image-19123\" src=\"http:\/\/karin.stampis.com\/blog\/wp-content\/uploads\/2015\/01\/DSC00075.jpg\" alt=\"DSC00075\" width=\"600\" height=\"400\" srcset=\"http:\/\/karin.stampis.com\/blog\/wp-content\/uploads\/2015\/01\/DSC00075.jpg 600w, http:\/\/karin.stampis.com\/blog\/wp-content\/uploads\/2015\/01\/DSC00075-360x240.jpg 360w\" sizes=\"auto, (max-width: 600px) 100vw, 600px\" \/><\/a><em>Chill p\u00e5 The Lodge<\/em><\/p>\n<p style=\"text-align: center;\"><a href=\"http:\/\/karin.stampis.com\/blog\/wp-content\/uploads\/2015\/01\/DSC00624.jpg\"><img loading=\"lazy\" decoding=\"async\" class=\"aligncenter size-full wp-image-19124\" src=\"http:\/\/karin.stampis.com\/blog\/wp-content\/uploads\/2015\/01\/DSC00624.jpg\" alt=\"DSC00624\" width=\"600\" height=\"379\" srcset=\"http:\/\/karin.stampis.com\/blog\/wp-content\/uploads\/2015\/01\/DSC00624.jpg 600w, http:\/\/karin.stampis.com\/blog\/wp-content\/uploads\/2015\/01\/DSC00624-360x227.jpg 360w\" sizes=\"auto, (max-width: 600px) 100vw, 600px\" \/><\/a><em>Chill p\u00e5 \u00c4ngavallen<\/em><\/p>\n<p style=\"text-align: left;\">S\u00e5 det var lite om 2014. Tycker det kommer nya \u00e5ret kommer v\u00e4ldigt l\u00e4gligt \ud83d\ude42 ! Planen f\u00f6r 2015 \u00e4r mest att komma in i rutinerna i allt nytt. Hoppas p\u00e5 att det inte h\u00e4nder s\u00e5 mycket nytt, har f\u00e5tt nog av f\u00f6r\u00e4ndringar nu p\u00e5 ett tag, nu vill jag bara ha tid att leva lite. Lite nymodigheter \u00e4r dock ok (som att fixa en uteplats, k\u00f6ra rna-seq data-analyser p\u00e5 jobbet och \u00e5ka p\u00e5 lokala weekendbreaks) \ud83d\ude09 .<\/p>\n","protected":false},"excerpt":{"rendered":"<p>D\u00e5 var det dags f\u00f6r en \u00e5rssammanfattning! 2014 var ett \u00e5r d\u00e5 det h\u00e4nde mycket, kanske lite f\u00f6r m\u00e5nga grejjor p\u00e5 en g\u00e5ng, f\u00f6r jag har varit r\u00e4tt s\u00e5 tr\u00f6tt och k\u00e4nt att jag alltid ligger efter med allt, speciellt &hellip; <a href=\"http:\/\/karin.stampis.com\/blog\/?p=19108\">Continue reading <span class=\"meta-nav\">&rarr;<\/span><\/a><\/p>\n","protected":false},"author":1,"featured_media":0,"comment_status":"open","ping_status":"open","sticky":false,"template":"","format":"standard","meta":{"footnotes":""},"categories":[375,374],"tags":[],"class_list":["post-19108","post","type-post","status-publish","format-standard","hentry","category-375","category-januari-2015"],"_links":{"self":[{"href":"http:\/\/karin.stampis.com\/blog\/index.php?rest_route=\/wp\/v2\/posts\/19108","targetHints":{"allow":["GET"]}}],"collection":[{"href":"http:\/\/karin.stampis.com\/blog\/index.php?rest_route=\/wp\/v2\/posts"}],"about":[{"href":"http:\/\/karin.stampis.com\/blog\/index.php?rest_route=\/wp\/v2\/types\/post"}],"author":[{"embeddable":true,"href":"http:\/\/karin.stampis.com\/blog\/index.php?rest_route=\/wp\/v2\/users\/1"}],"replies":[{"embeddable":true,"href":"http:\/\/karin.stampis.com\/blog\/index.php?rest_route=%2Fwp%2Fv2%2Fcomments&post=19108"}],"version-history":[{"count":6,"href":"http:\/\/karin.stampis.com\/blog\/index.php?rest_route=\/wp\/v2\/posts\/19108\/revisions"}],"predecessor-version":[{"id":19127,"href":"http:\/\/karin.stampis.com\/blog\/index.php?rest_route=\/wp\/v2\/posts\/19108\/revisions\/19127"}],"wp:attachment":[{"href":"http:\/\/karin.stampis.com\/blog\/index.php?rest_route=%2Fwp%2Fv2%2Fmedia&parent=19108"}],"wp:term":[{"taxonomy":"category","embeddable":true,"href":"http:\/\/karin.stampis.com\/blog\/index.php?rest_route=%2Fwp%2Fv2%2Fcategories&post=19108"},{"taxonomy":"post_tag","embeddable":true,"href":"http:\/\/karin.stampis.com\/blog\/index.php?rest_route=%2Fwp%2Fv2%2Ftags&post=19108"}],"curies":[{"name":"wp","href":"https:\/\/api.w.org\/{rel}","templated":true}]}}