{"id":19173,"date":"2015-02-11T21:34:38","date_gmt":"2015-02-11T20:34:38","guid":{"rendered":"http:\/\/karin.stampis.com\/blog\/?p=19173"},"modified":"2015-02-11T21:34:38","modified_gmt":"2015-02-11T20:34:38","slug":"uppsala","status":"publish","type":"post","link":"http:\/\/karin.stampis.com\/blog\/?p=19173","title":{"rendered":"Uppsala"},"content":{"rendered":"<p>Det ekar lite tommare \u00e4n vanligt h\u00e4r inne p\u00e5 bloggen, eftersom jag \u00e4r bortrest f\u00f6r tillf\u00e4llet. \u00c4r p\u00e5 kurs i Uppsala denna veckan, s\u00e5 jag l\u00e4mnade Jimmy med k\u00f6ks\u00f6-kaos och en Alfred som sedermera blev lite sjuk&#8230;(tack morfar f\u00f6r hj\u00e4lp!)<\/p>\n<p>Det har varit en l\u00e4rorik kurs. Har \u00e4ven passat p\u00e5 att utnyttja tiden utanf\u00f6r kursen, inte ofta man f\u00e5r s\u00e5 mycket egentid! Har h\u00e4lsat p\u00e5 min kompis Lena som bor i stan, shoppat lite, kollat in stan, simmat p\u00e5 centralbadet, tr\u00e4nat yoga och core p\u00e5 hotellrummet, l\u00e4st bok, \u00e4tit kursmiddag p\u00e5 trevlig restaurang m.m. Har \u00e4ven passat p\u00e5 att bli lite f\u00f6rkyld &#8211; hoppas att det h\u00e5ller sig i schack.<\/p>\n<p>Gillar Uppsala! Mysig stad. H\u00e4r \u00e4r min utsikt fr\u00e5n hotellrummet. Lite sn\u00f6igare \u00e4n Lund &#8211; det var inte s\u00e5 l\u00f6nt att packa joggingkl\u00e4der :p<\/p>\n<p><a href=\"http:\/\/karin.stampis.com\/blog\/wp-content\/uploads\/2015\/02\/DSC01109.jpg\"><img loading=\"lazy\" decoding=\"async\" class=\"aligncenter size-full wp-image-19178\" src=\"http:\/\/karin.stampis.com\/blog\/wp-content\/uploads\/2015\/02\/DSC01109.jpg\" alt=\"DSC01109\" width=\"398\" height=\"600\" srcset=\"http:\/\/karin.stampis.com\/blog\/wp-content\/uploads\/2015\/02\/DSC01109.jpg 398w, http:\/\/karin.stampis.com\/blog\/wp-content\/uploads\/2015\/02\/DSC01109-239x360.jpg 239w\" sizes=\"auto, (max-width: 398px) 100vw, 398px\" \/><\/a><\/p>\n","protected":false},"excerpt":{"rendered":"<p>Det ekar lite tommare \u00e4n vanligt h\u00e4r inne p\u00e5 bloggen, eftersom jag \u00e4r bortrest f\u00f6r tillf\u00e4llet. \u00c4r p\u00e5 kurs i Uppsala denna veckan, s\u00e5 jag l\u00e4mnade Jimmy med k\u00f6ks\u00f6-kaos och en Alfred som sedermera blev lite sjuk&#8230;(tack morfar f\u00f6r hj\u00e4lp!) &hellip; <a href=\"http:\/\/karin.stampis.com\/blog\/?p=19173\">Continue reading <span class=\"meta-nav\">&rarr;<\/span><\/a><\/p>\n","protected":false},"author":1,"featured_media":0,"comment_status":"open","ping_status":"open","sticky":false,"template":"","format":"standard","meta":{"footnotes":""},"categories":[375,376],"tags":[],"class_list":["post-19173","post","type-post","status-publish","format-standard","hentry","category-375","category-februari-2015"],"_links":{"self":[{"href":"http:\/\/karin.stampis.com\/blog\/index.php?rest_route=\/wp\/v2\/posts\/19173","targetHints":{"allow":["GET"]}}],"collection":[{"href":"http:\/\/karin.stampis.com\/blog\/index.php?rest_route=\/wp\/v2\/posts"}],"about":[{"href":"http:\/\/karin.stampis.com\/blog\/index.php?rest_route=\/wp\/v2\/types\/post"}],"author":[{"embeddable":true,"href":"http:\/\/karin.stampis.com\/blog\/index.php?rest_route=\/wp\/v2\/users\/1"}],"replies":[{"embeddable":true,"href":"http:\/\/karin.stampis.com\/blog\/index.php?rest_route=%2Fwp%2Fv2%2Fcomments&post=19173"}],"version-history":[{"count":6,"href":"http:\/\/karin.stampis.com\/blog\/index.php?rest_route=\/wp\/v2\/posts\/19173\/revisions"}],"predecessor-version":[{"id":19362,"href":"http:\/\/karin.stampis.com\/blog\/index.php?rest_route=\/wp\/v2\/posts\/19173\/revisions\/19362"}],"wp:attachment":[{"href":"http:\/\/karin.stampis.com\/blog\/index.php?rest_route=%2Fwp%2Fv2%2Fmedia&parent=19173"}],"wp:term":[{"taxonomy":"category","embeddable":true,"href":"http:\/\/karin.stampis.com\/blog\/index.php?rest_route=%2Fwp%2Fv2%2Fcategories&post=19173"},{"taxonomy":"post_tag","embeddable":true,"href":"http:\/\/karin.stampis.com\/blog\/index.php?rest_route=%2Fwp%2Fv2%2Ftags&post=19173"}],"curies":[{"name":"wp","href":"https:\/\/api.w.org\/{rel}","templated":true}]}}