{"id":1941,"date":"2009-02-17T17:52:38","date_gmt":"2009-02-17T16:52:38","guid":{"rendered":"http:\/\/karin.stampis.com\/blog\/?p=1941"},"modified":"2009-02-22T18:11:27","modified_gmt":"2009-02-22T17:11:27","slug":"ibland-kan-reklam-vara-kul-att-se-pa","status":"publish","type":"post","link":"http:\/\/karin.stampis.com\/blog\/?p=1941","title":{"rendered":"Ibland kan reklam vara kul att se p\u00e5 ;-)"},"content":{"rendered":"<p>Alvedonreklamen som g\u00e5r nu \u00e4r s\u00e5 fin \ud83d\ude42 ! Den har v\u00e4l g\u00e5tt ett tag nu men det \u00e4r den enda reklamsnutten jag inte tr\u00f6ttnar p\u00e5.<\/p>\n<p><object width=\"425\" height=\"344\" data=\"http:\/\/www.youtube.com\/v\/0vVstV7BtUA&amp;hl=en&amp;fs=1\" type=\"application\/x-shockwave-flash\"><param name=\"allowFullScreen\" value=\"true\" \/><param name=\"allowscriptaccess\" value=\"always\" \/><param name=\"src\" value=\"http:\/\/www.youtube.com\/v\/0vVstV7BtUA&amp;hl=en&amp;fs=1\" \/><param name=\"allowfullscreen\" value=\"true\" \/><\/object><\/p>\n<p>Den stora vita vovven \u00e4r S\u00c5 s\u00f6t! Vill bara hoppa in i Tvn och krama honom, g\u00f6r inget att han \u00e4r bl\u00f6t \ud83d\ude09 . Bl\u00f6t \u00e4r s\u00f6t d\u00e5 det g\u00e4ller vovvar \ud83d\ude09 . Titta bara p\u00e5 mini-Sigge efter ett av hans f\u00f6rsta bad:<\/p>\n<p><a rel=\"attachment wp-att-1972\" href=\"http:\/\/karin.stampis.com\/blog\/?attachment_id=1972\"><img loading=\"lazy\" decoding=\"async\" class=\"aligncenter size-medium wp-image-1972\" title=\"blotsigge-1-2\" src=\"http:\/\/karin.stampis.com\/blog\/wp-content\/uploads\/2009\/02\/blotsigge-1-2-360x306.jpg\" alt=\"blotsigge-1-2\" width=\"360\" height=\"306\" srcset=\"http:\/\/karin.stampis.com\/blog\/wp-content\/uploads\/2009\/02\/blotsigge-1-2-360x306.jpg 360w, http:\/\/karin.stampis.com\/blog\/wp-content\/uploads\/2009\/02\/blotsigge-1-2.jpg 1000w\" sizes=\"auto, (max-width: 360px) 100vw, 360px\" \/><\/a><a rel=\"attachment wp-att-1973\" href=\"http:\/\/karin.stampis.com\/blog\/?attachment_id=1973\"><img loading=\"lazy\" decoding=\"async\" class=\"aligncenter size-medium wp-image-1973\" title=\"blotsigge-1\" src=\"http:\/\/karin.stampis.com\/blog\/wp-content\/uploads\/2009\/02\/blotsigge-1-357x360.jpg\" alt=\"blotsigge-1\" width=\"357\" height=\"360\" srcset=\"http:\/\/karin.stampis.com\/blog\/wp-content\/uploads\/2009\/02\/blotsigge-1-357x360.jpg 357w, http:\/\/karin.stampis.com\/blog\/wp-content\/uploads\/2009\/02\/blotsigge-1-150x150.jpg 150w, http:\/\/karin.stampis.com\/blog\/wp-content\/uploads\/2009\/02\/blotsigge-1.jpg 993w\" sizes=\"auto, (max-width: 357px) 100vw, 357px\" \/><\/a><a rel=\"attachment wp-att-1974\" href=\"http:\/\/karin.stampis.com\/blog\/?attachment_id=1974\"><img loading=\"lazy\" decoding=\"async\" class=\"aligncenter size-medium wp-image-1974\" title=\"blotsigge-1-3\" src=\"http:\/\/karin.stampis.com\/blog\/wp-content\/uploads\/2009\/02\/blotsigge-1-3-360x358.jpg\" alt=\"blotsigge-1-3\" width=\"360\" height=\"358\" srcset=\"http:\/\/karin.stampis.com\/blog\/wp-content\/uploads\/2009\/02\/blotsigge-1-3-360x358.jpg 360w, http:\/\/karin.stampis.com\/blog\/wp-content\/uploads\/2009\/02\/blotsigge-1-3-150x150.jpg 150w, http:\/\/karin.stampis.com\/blog\/wp-content\/uploads\/2009\/02\/blotsigge-1-3.jpg 1000w\" sizes=\"auto, (max-width: 360px) 100vw, 360px\" \/><\/a><\/p>\n<p>Vovsingen i reklamen \u00e4r lite lik Sigge, fast det \u00e4r en Pyreneer &#8211; som Golden fast st\u00f6rre och fluffigare.<\/p>\n<p><a rel=\"attachment wp-att-1942\" href=\"http:\/\/karin.stampis.com\/blog\/?attachment_id=1942\"><img loading=\"lazy\" decoding=\"async\" class=\"aligncenter size-medium wp-image-1942\" title=\"800px-pyreneittenkoira\" src=\"http:\/\/karin.stampis.com\/blog\/wp-content\/uploads\/2009\/02\/800px-pyreneittenkoira-360x270.jpg\" alt=\"800px-pyreneittenkoira\" width=\"360\" height=\"270\" srcset=\"http:\/\/karin.stampis.com\/blog\/wp-content\/uploads\/2009\/02\/800px-pyreneittenkoira-360x270.jpg 360w, http:\/\/karin.stampis.com\/blog\/wp-content\/uploads\/2009\/02\/800px-pyreneittenkoira.jpg 800w\" sizes=\"auto, (max-width: 360px) 100vw, 360px\" \/><\/a><\/p>\n<p>Stilig Pyreneer<\/p>\n<p><a rel=\"attachment wp-att-1944\" href=\"http:\/\/karin.stampis.com\/blog\/?attachment_id=1944\"><img loading=\"lazy\" decoding=\"async\" class=\"aligncenter size-medium wp-image-1944\" title=\"800px-greatpyrenees-970\" src=\"http:\/\/karin.stampis.com\/blog\/wp-content\/uploads\/2009\/02\/800px-greatpyrenees-970-360x270.jpg\" alt=\"800px-greatpyrenees-970\" width=\"360\" height=\"270\" srcset=\"http:\/\/karin.stampis.com\/blog\/wp-content\/uploads\/2009\/02\/800px-greatpyrenees-970-360x270.jpg 360w, http:\/\/karin.stampis.com\/blog\/wp-content\/uploads\/2009\/02\/800px-greatpyrenees-970.jpg 800w\" sizes=\"auto, (max-width: 360px) 100vw, 360px\" \/><\/a><\/p>\n<p>S\u00f6t liten valp.<\/p>\n<p>Hrm, nu blev jag v\u00e4ldigt sugen p\u00e5 en Pyreneer ocks\u00e5! Fast f\u00f6r tillf\u00e4llet \u00e4r \u00e4nd\u00e5 en liten Golden-valp h\u00f6gst p\u00e5 \u00f6nskelistan.<\/p>\n","protected":false},"excerpt":{"rendered":"<p>Alvedonreklamen som g\u00e5r nu \u00e4r s\u00e5 fin \ud83d\ude42 ! Den har v\u00e4l g\u00e5tt ett tag nu men det \u00e4r den enda reklamsnutten jag inte tr\u00f6ttnar p\u00e5. Den stora vita vovven \u00e4r S\u00c5 s\u00f6t! Vill bara hoppa in i Tvn och &hellip; <a href=\"http:\/\/karin.stampis.com\/blog\/?p=1941\">Continue reading <span class=\"meta-nav\">&rarr;<\/span><\/a><\/p>\n","protected":false},"author":1,"featured_media":0,"comment_status":"open","ping_status":"open","sticky":false,"template":"","format":"standard","meta":{"footnotes":""},"categories":[158],"tags":[31,27,26],"class_list":["post-1941","post","type-post","status-publish","format-standard","hentry","category-februari-2009","tag-golden-retriever","tag-hund","tag-sigge"],"_links":{"self":[{"href":"http:\/\/karin.stampis.com\/blog\/index.php?rest_route=\/wp\/v2\/posts\/1941","targetHints":{"allow":["GET"]}}],"collection":[{"href":"http:\/\/karin.stampis.com\/blog\/index.php?rest_route=\/wp\/v2\/posts"}],"about":[{"href":"http:\/\/karin.stampis.com\/blog\/index.php?rest_route=\/wp\/v2\/types\/post"}],"author":[{"embeddable":true,"href":"http:\/\/karin.stampis.com\/blog\/index.php?rest_route=\/wp\/v2\/users\/1"}],"replies":[{"embeddable":true,"href":"http:\/\/karin.stampis.com\/blog\/index.php?rest_route=%2Fwp%2Fv2%2Fcomments&post=1941"}],"version-history":[{"count":29,"href":"http:\/\/karin.stampis.com\/blog\/index.php?rest_route=\/wp\/v2\/posts\/1941\/revisions"}],"predecessor-version":[{"id":2200,"href":"http:\/\/karin.stampis.com\/blog\/index.php?rest_route=\/wp\/v2\/posts\/1941\/revisions\/2200"}],"wp:attachment":[{"href":"http:\/\/karin.stampis.com\/blog\/index.php?rest_route=%2Fwp%2Fv2%2Fmedia&parent=1941"}],"wp:term":[{"taxonomy":"category","embeddable":true,"href":"http:\/\/karin.stampis.com\/blog\/index.php?rest_route=%2Fwp%2Fv2%2Fcategories&post=1941"},{"taxonomy":"post_tag","embeddable":true,"href":"http:\/\/karin.stampis.com\/blog\/index.php?rest_route=%2Fwp%2Fv2%2Ftags&post=1941"}],"curies":[{"name":"wp","href":"https:\/\/api.w.org\/{rel}","templated":true}]}}