{"id":19460,"date":"2015-07-06T21:01:00","date_gmt":"2015-07-06T20:01:00","guid":{"rendered":"http:\/\/karin.stampis.com\/blog\/?p=19460"},"modified":"2015-07-06T21:09:07","modified_gmt":"2015-07-06T20:09:07","slug":"pa-tur-2","status":"publish","type":"post","link":"http:\/\/karin.stampis.com\/blog\/?p=19460","title":{"rendered":"P\u00e5 tur"},"content":{"rendered":"<p>Vi var ute p\u00e5 en l\u00e5ngpromenad idag, kombinerad med lite naturkunskap f\u00f6r Alfred. Vi brukar inte anv\u00e4nda barnvagnen s\u00e5 ofta, men vid l\u00e5ngpromenader \u00e4r den j\u00e4ttebra &#8211; Alfred gillar att vara ute men han pallar inte traska runt i 2 timmar.<\/p>\n<p><a href=\"http:\/\/karin.stampis.com\/blog\/wp-content\/uploads\/2015\/07\/DSC01857.jpg\"><img loading=\"lazy\" decoding=\"async\" class=\"aligncenter size-full wp-image-19467\" src=\"http:\/\/karin.stampis.com\/blog\/wp-content\/uploads\/2015\/07\/DSC01857.jpg\" alt=\"DSC01857\" width=\"400\" height=\"600\" srcset=\"http:\/\/karin.stampis.com\/blog\/wp-content\/uploads\/2015\/07\/DSC01857.jpg 400w, http:\/\/karin.stampis.com\/blog\/wp-content\/uploads\/2015\/07\/DSC01857-240x360.jpg 240w\" sizes=\"auto, (max-width: 400px) 100vw, 400px\" \/><\/a><\/p>\n<p style=\"text-align: center;\"><em>Plockade upp lite vinb\u00e4rssn\u00e4ckor f\u00f6r att l\u00e4ra Alfred lite om djur<\/em><a href=\"http:\/\/karin.stampis.com\/blog\/wp-content\/uploads\/2015\/07\/DSC01855.jpg\"><img loading=\"lazy\" decoding=\"async\" class=\"aligncenter size-full wp-image-19468\" src=\"http:\/\/karin.stampis.com\/blog\/wp-content\/uploads\/2015\/07\/DSC01855.jpg\" alt=\"DSC01855\" width=\"600\" height=\"400\" srcset=\"http:\/\/karin.stampis.com\/blog\/wp-content\/uploads\/2015\/07\/DSC01855.jpg 600w, http:\/\/karin.stampis.com\/blog\/wp-content\/uploads\/2015\/07\/DSC01855-360x240.jpg 360w\" sizes=\"auto, (max-width: 600px) 100vw, 600px\" \/><\/a><\/p>\n<p style=\"text-align: center;\"><em>Vandrar uppf\u00f6r &#8220;berg&#8221;<\/em><a href=\"http:\/\/karin.stampis.com\/blog\/wp-content\/uploads\/2015\/07\/DSC01861.jpg\"><img loading=\"lazy\" decoding=\"async\" class=\"aligncenter size-full wp-image-19466\" src=\"http:\/\/karin.stampis.com\/blog\/wp-content\/uploads\/2015\/07\/DSC01861.jpg\" alt=\"DSC01861\" width=\"400\" height=\"600\" srcset=\"http:\/\/karin.stampis.com\/blog\/wp-content\/uploads\/2015\/07\/DSC01861.jpg 400w, http:\/\/karin.stampis.com\/blog\/wp-content\/uploads\/2015\/07\/DSC01861-240x360.jpg 240w\" sizes=\"auto, (max-width: 400px) 100vw, 400px\" \/><\/a><\/p>\n<p style=\"text-align: center;\"><em>Alfred hittade en gren som var en oskiljaktig f\u00f6ljare. Grabbar och stora pinnar allts\u00e5 \ud83d\ude09<\/em><a href=\"http:\/\/karin.stampis.com\/blog\/wp-content\/uploads\/2015\/07\/DSC01864.jpg\"><img loading=\"lazy\" decoding=\"async\" class=\"aligncenter size-full wp-image-19465\" src=\"http:\/\/karin.stampis.com\/blog\/wp-content\/uploads\/2015\/07\/DSC01864.jpg\" alt=\"DSC01864\" width=\"600\" height=\"418\" srcset=\"http:\/\/karin.stampis.com\/blog\/wp-content\/uploads\/2015\/07\/DSC01864.jpg 600w, http:\/\/karin.stampis.com\/blog\/wp-content\/uploads\/2015\/07\/DSC01864-360x251.jpg 360w\" sizes=\"auto, (max-width: 600px) 100vw, 600px\" \/><\/a> <a href=\"http:\/\/karin.stampis.com\/blog\/wp-content\/uploads\/2015\/07\/DSC01867.jpg\"><img loading=\"lazy\" decoding=\"async\" class=\"aligncenter size-full wp-image-19464\" src=\"http:\/\/karin.stampis.com\/blog\/wp-content\/uploads\/2015\/07\/DSC01867.jpg\" alt=\"DSC01867\" width=\"451\" height=\"600\" srcset=\"http:\/\/karin.stampis.com\/blog\/wp-content\/uploads\/2015\/07\/DSC01867.jpg 451w, http:\/\/karin.stampis.com\/blog\/wp-content\/uploads\/2015\/07\/DSC01867-271x360.jpg 271w\" sizes=\"auto, (max-width: 451px) 100vw, 451px\" \/><\/a> <a href=\"http:\/\/karin.stampis.com\/blog\/wp-content\/uploads\/2015\/07\/DSC01876.jpg\"><img loading=\"lazy\" decoding=\"async\" class=\"aligncenter size-full wp-image-19463\" src=\"http:\/\/karin.stampis.com\/blog\/wp-content\/uploads\/2015\/07\/DSC01876.jpg\" alt=\"DSC01876\" width=\"600\" height=\"400\" srcset=\"http:\/\/karin.stampis.com\/blog\/wp-content\/uploads\/2015\/07\/DSC01876.jpg 600w, http:\/\/karin.stampis.com\/blog\/wp-content\/uploads\/2015\/07\/DSC01876-360x240.jpg 360w\" sizes=\"auto, (max-width: 600px) 100vw, 600px\" \/><\/a> <a href=\"http:\/\/karin.stampis.com\/blog\/wp-content\/uploads\/2015\/07\/DSC01878.jpg\"><img loading=\"lazy\" decoding=\"async\" class=\"aligncenter size-full wp-image-19462\" src=\"http:\/\/karin.stampis.com\/blog\/wp-content\/uploads\/2015\/07\/DSC01878.jpg\" alt=\"DSC01878\" width=\"600\" height=\"400\" srcset=\"http:\/\/karin.stampis.com\/blog\/wp-content\/uploads\/2015\/07\/DSC01878.jpg 600w, http:\/\/karin.stampis.com\/blog\/wp-content\/uploads\/2015\/07\/DSC01878-360x240.jpg 360w\" sizes=\"auto, (max-width: 600px) 100vw, 600px\" \/><\/a><\/p>\n","protected":false},"excerpt":{"rendered":"<p>Vi var ute p\u00e5 en l\u00e5ngpromenad idag, kombinerad med lite naturkunskap f\u00f6r Alfred. Vi brukar inte anv\u00e4nda barnvagnen s\u00e5 ofta, men vid l\u00e5ngpromenader \u00e4r den j\u00e4ttebra &#8211; Alfred gillar att vara ute men han pallar inte traska runt i 2 &hellip; <a href=\"http:\/\/karin.stampis.com\/blog\/?p=19460\">Continue reading <span class=\"meta-nav\">&rarr;<\/span><\/a><\/p>\n","protected":false},"author":1,"featured_media":0,"comment_status":"open","ping_status":"open","sticky":false,"template":"","format":"standard","meta":{"footnotes":""},"categories":[375,322,383],"tags":[],"class_list":["post-19460","post","type-post","status-publish","format-standard","hentry","category-375","category-alfred","category-juli-2015"],"_links":{"self":[{"href":"http:\/\/karin.stampis.com\/blog\/index.php?rest_route=\/wp\/v2\/posts\/19460","targetHints":{"allow":["GET"]}}],"collection":[{"href":"http:\/\/karin.stampis.com\/blog\/index.php?rest_route=\/wp\/v2\/posts"}],"about":[{"href":"http:\/\/karin.stampis.com\/blog\/index.php?rest_route=\/wp\/v2\/types\/post"}],"author":[{"embeddable":true,"href":"http:\/\/karin.stampis.com\/blog\/index.php?rest_route=\/wp\/v2\/users\/1"}],"replies":[{"embeddable":true,"href":"http:\/\/karin.stampis.com\/blog\/index.php?rest_route=%2Fwp%2Fv2%2Fcomments&post=19460"}],"version-history":[{"count":3,"href":"http:\/\/karin.stampis.com\/blog\/index.php?rest_route=\/wp\/v2\/posts\/19460\/revisions"}],"predecessor-version":[{"id":19470,"href":"http:\/\/karin.stampis.com\/blog\/index.php?rest_route=\/wp\/v2\/posts\/19460\/revisions\/19470"}],"wp:attachment":[{"href":"http:\/\/karin.stampis.com\/blog\/index.php?rest_route=%2Fwp%2Fv2%2Fmedia&parent=19460"}],"wp:term":[{"taxonomy":"category","embeddable":true,"href":"http:\/\/karin.stampis.com\/blog\/index.php?rest_route=%2Fwp%2Fv2%2Fcategories&post=19460"},{"taxonomy":"post_tag","embeddable":true,"href":"http:\/\/karin.stampis.com\/blog\/index.php?rest_route=%2Fwp%2Fv2%2Ftags&post=19460"}],"curies":[{"name":"wp","href":"https:\/\/api.w.org\/{rel}","templated":true}]}}