{"id":19812,"date":"2015-11-16T22:10:01","date_gmt":"2015-11-16T21:10:01","guid":{"rendered":"http:\/\/karin.stampis.com\/blog\/?p=19812"},"modified":"2015-11-16T22:10:01","modified_gmt":"2015-11-16T21:10:01","slug":"tre-ganger-tre","status":"publish","type":"post","link":"http:\/\/karin.stampis.com\/blog\/?p=19812","title":{"rendered":"Tre g\u00e5nger tre"},"content":{"rendered":"<p>Tre f\u00f6delsekalas \u00e5t tre\u00e5ringen! Utspritt p\u00e5 tre helger f\u00f6r att h\u00e5lla energin uppe.<\/p>\n<p><a href=\"http:\/\/karin.stampis.com\/blog\/wp-content\/uploads\/2015\/11\/DSC02541.jpg\"><img loading=\"lazy\" decoding=\"async\" class=\"aligncenter size-full wp-image-19813\" src=\"http:\/\/karin.stampis.com\/blog\/wp-content\/uploads\/2015\/11\/DSC02541.jpg\" alt=\"DSC02541\" width=\"698\" height=\"800\" srcset=\"http:\/\/karin.stampis.com\/blog\/wp-content\/uploads\/2015\/11\/DSC02541.jpg 698w, http:\/\/karin.stampis.com\/blog\/wp-content\/uploads\/2015\/11\/DSC02541-314x360.jpg 314w\" sizes=\"auto, (max-width: 698px) 100vw, 698px\" \/><\/a>F\u00f6rst ett litet kalas p\u00e5 hans f\u00f6delsedag. G\u00e4ster var hans mor, far och Lena. Det bj\u00f6ds p\u00e5 muffins som han bakat sj\u00e4lv.<\/p>\n<p><a href=\"http:\/\/karin.stampis.com\/blog\/wp-content\/uploads\/2015\/11\/DSC02561.jpg\"><img loading=\"lazy\" decoding=\"async\" class=\"aligncenter size-full wp-image-19814\" src=\"http:\/\/karin.stampis.com\/blog\/wp-content\/uploads\/2015\/11\/DSC02561.jpg\" alt=\"DSC02561\" width=\"718\" height=\"800\" srcset=\"http:\/\/karin.stampis.com\/blog\/wp-content\/uploads\/2015\/11\/DSC02561.jpg 718w, http:\/\/karin.stampis.com\/blog\/wp-content\/uploads\/2015\/11\/DSC02561-323x360.jpg 323w\" sizes=\"auto, (max-width: 718px) 100vw, 718px\" \/><\/a>Sen var det sl\u00e4ktfest. Alfred vill hj\u00e4lpa till att t\u00e4nda ljusen.<\/p>\n<p><a href=\"http:\/\/karin.stampis.com\/blog\/wp-content\/uploads\/2015\/11\/DSC02610.jpg\"><img loading=\"lazy\" decoding=\"async\" class=\"aligncenter size-full wp-image-19815\" src=\"http:\/\/karin.stampis.com\/blog\/wp-content\/uploads\/2015\/11\/DSC02610.jpg\" alt=\"DSC02610\" width=\"800\" height=\"652\" srcset=\"http:\/\/karin.stampis.com\/blog\/wp-content\/uploads\/2015\/11\/DSC02610.jpg 800w, http:\/\/karin.stampis.com\/blog\/wp-content\/uploads\/2015\/11\/DSC02610-360x293.jpg 360w\" sizes=\"auto, (max-width: 800px) 100vw, 800px\" \/><\/a>Sen var det fest med polarna och deras p\u00e4ron.<\/p>\n","protected":false},"excerpt":{"rendered":"<p>Tre f\u00f6delsekalas \u00e5t tre\u00e5ringen! Utspritt p\u00e5 tre helger f\u00f6r att h\u00e5lla energin uppe. F\u00f6rst ett litet kalas p\u00e5 hans f\u00f6delsedag. G\u00e4ster var hans mor, far och Lena. Det bj\u00f6ds p\u00e5 muffins som han bakat sj\u00e4lv. Sen var det sl\u00e4ktfest. Alfred &hellip; <a href=\"http:\/\/karin.stampis.com\/blog\/?p=19812\">Continue reading <span class=\"meta-nav\">&rarr;<\/span><\/a><\/p>\n","protected":false},"author":1,"featured_media":0,"comment_status":"open","ping_status":"open","sticky":false,"template":"","format":"standard","meta":{"footnotes":""},"categories":[375,387],"tags":[],"class_list":["post-19812","post","type-post","status-publish","format-standard","hentry","category-375","category-november-2015"],"_links":{"self":[{"href":"http:\/\/karin.stampis.com\/blog\/index.php?rest_route=\/wp\/v2\/posts\/19812","targetHints":{"allow":["GET"]}}],"collection":[{"href":"http:\/\/karin.stampis.com\/blog\/index.php?rest_route=\/wp\/v2\/posts"}],"about":[{"href":"http:\/\/karin.stampis.com\/blog\/index.php?rest_route=\/wp\/v2\/types\/post"}],"author":[{"embeddable":true,"href":"http:\/\/karin.stampis.com\/blog\/index.php?rest_route=\/wp\/v2\/users\/1"}],"replies":[{"embeddable":true,"href":"http:\/\/karin.stampis.com\/blog\/index.php?rest_route=%2Fwp%2Fv2%2Fcomments&post=19812"}],"version-history":[{"count":2,"href":"http:\/\/karin.stampis.com\/blog\/index.php?rest_route=\/wp\/v2\/posts\/19812\/revisions"}],"predecessor-version":[{"id":19817,"href":"http:\/\/karin.stampis.com\/blog\/index.php?rest_route=\/wp\/v2\/posts\/19812\/revisions\/19817"}],"wp:attachment":[{"href":"http:\/\/karin.stampis.com\/blog\/index.php?rest_route=%2Fwp%2Fv2%2Fmedia&parent=19812"}],"wp:term":[{"taxonomy":"category","embeddable":true,"href":"http:\/\/karin.stampis.com\/blog\/index.php?rest_route=%2Fwp%2Fv2%2Fcategories&post=19812"},{"taxonomy":"post_tag","embeddable":true,"href":"http:\/\/karin.stampis.com\/blog\/index.php?rest_route=%2Fwp%2Fv2%2Ftags&post=19812"}],"curies":[{"name":"wp","href":"https:\/\/api.w.org\/{rel}","templated":true}]}}