{"id":19872,"date":"2015-12-12T10:17:38","date_gmt":"2015-12-12T09:17:38","guid":{"rendered":"http:\/\/karin.stampis.com\/blog\/?p=19872"},"modified":"2015-12-12T10:18:25","modified_gmt":"2015-12-12T09:18:25","slug":"lucia","status":"publish","type":"post","link":"http:\/\/karin.stampis.com\/blog\/?p=19872","title":{"rendered":"Lucia"},"content":{"rendered":"<p>Ig\u00e5r var vi p\u00e5 Lucia hos f\u00f6rskolan. Alfred var p\u00e5 str\u00e5lande hum\u00f6r och tyckte det var j\u00e4ttekul att vi kom. M\u00e5nga pepparkakor gick ner i hans mage&#8230;<\/p>\n<p>Annars \u00e4r december som vanligt &#8211; vi har planerat att \u00e5ka iv\u00e4g p\u00e5 en massa saker, men sen kommer diverse sjukdomar s\u00e5 det blir inte s\u00e5 mycket :p . Men idag \u00e4r Alfred bara lite f\u00f6rkyld, s\u00e5 vi ska ta oss iv\u00e4g p\u00e5 pysselkv\u00e4ll \u00e4r det t\u00e4nkt.<\/p>\n<p><a href=\"http:\/\/karin.stampis.com\/blog\/wp-content\/uploads\/2015\/12\/DSC_1976.jpg\"><img loading=\"lazy\" decoding=\"async\" class=\"aligncenter wp-image-19873 size-medium\" src=\"http:\/\/karin.stampis.com\/blog\/wp-content\/uploads\/2015\/12\/DSC_1976-270x360.jpg\" alt=\"DSC_1976\" width=\"270\" height=\"360\" srcset=\"http:\/\/karin.stampis.com\/blog\/wp-content\/uploads\/2015\/12\/DSC_1976-270x360.jpg 270w, http:\/\/karin.stampis.com\/blog\/wp-content\/uploads\/2015\/12\/DSC_1976.jpg 600w\" sizes=\"auto, (max-width: 270px) 100vw, 270px\" \/><\/a> <a href=\"http:\/\/karin.stampis.com\/blog\/wp-content\/uploads\/2015\/12\/DSC_1977.jpg\"><img loading=\"lazy\" decoding=\"async\" class=\"aligncenter wp-image-19874 size-medium\" src=\"http:\/\/karin.stampis.com\/blog\/wp-content\/uploads\/2015\/12\/DSC_1977-245x360.jpg\" alt=\"DSC_1977\" width=\"245\" height=\"360\" srcset=\"http:\/\/karin.stampis.com\/blog\/wp-content\/uploads\/2015\/12\/DSC_1977-245x360.jpg 245w, http:\/\/karin.stampis.com\/blog\/wp-content\/uploads\/2015\/12\/DSC_1977.jpg 545w\" sizes=\"auto, (max-width: 245px) 100vw, 245px\" \/><\/a><\/p>\n","protected":false},"excerpt":{"rendered":"<p>Ig\u00e5r var vi p\u00e5 Lucia hos f\u00f6rskolan. Alfred var p\u00e5 str\u00e5lande hum\u00f6r och tyckte det var j\u00e4ttekul att vi kom. M\u00e5nga pepparkakor gick ner i hans mage&#8230; Annars \u00e4r december som vanligt &#8211; vi har planerat att \u00e5ka iv\u00e4g p\u00e5 &hellip; <a href=\"http:\/\/karin.stampis.com\/blog\/?p=19872\">Continue reading <span class=\"meta-nav\">&rarr;<\/span><\/a><\/p>\n","protected":false},"author":1,"featured_media":0,"comment_status":"open","ping_status":"open","sticky":false,"template":"","format":"standard","meta":{"footnotes":""},"categories":[375,322,388],"tags":[],"class_list":["post-19872","post","type-post","status-publish","format-standard","hentry","category-375","category-alfred","category-december-2015"],"_links":{"self":[{"href":"http:\/\/karin.stampis.com\/blog\/index.php?rest_route=\/wp\/v2\/posts\/19872","targetHints":{"allow":["GET"]}}],"collection":[{"href":"http:\/\/karin.stampis.com\/blog\/index.php?rest_route=\/wp\/v2\/posts"}],"about":[{"href":"http:\/\/karin.stampis.com\/blog\/index.php?rest_route=\/wp\/v2\/types\/post"}],"author":[{"embeddable":true,"href":"http:\/\/karin.stampis.com\/blog\/index.php?rest_route=\/wp\/v2\/users\/1"}],"replies":[{"embeddable":true,"href":"http:\/\/karin.stampis.com\/blog\/index.php?rest_route=%2Fwp%2Fv2%2Fcomments&post=19872"}],"version-history":[{"count":3,"href":"http:\/\/karin.stampis.com\/blog\/index.php?rest_route=\/wp\/v2\/posts\/19872\/revisions"}],"predecessor-version":[{"id":19877,"href":"http:\/\/karin.stampis.com\/blog\/index.php?rest_route=\/wp\/v2\/posts\/19872\/revisions\/19877"}],"wp:attachment":[{"href":"http:\/\/karin.stampis.com\/blog\/index.php?rest_route=%2Fwp%2Fv2%2Fmedia&parent=19872"}],"wp:term":[{"taxonomy":"category","embeddable":true,"href":"http:\/\/karin.stampis.com\/blog\/index.php?rest_route=%2Fwp%2Fv2%2Fcategories&post=19872"},{"taxonomy":"post_tag","embeddable":true,"href":"http:\/\/karin.stampis.com\/blog\/index.php?rest_route=%2Fwp%2Fv2%2Ftags&post=19872"}],"curies":[{"name":"wp","href":"https:\/\/api.w.org\/{rel}","templated":true}]}}