{"id":19892,"date":"2015-12-26T07:43:42","date_gmt":"2015-12-26T06:43:42","guid":{"rendered":"http:\/\/karin.stampis.com\/blog\/?p=19892"},"modified":"2015-12-25T11:43:52","modified_gmt":"2015-12-25T10:43:52","slug":"julafton-3","status":"publish","type":"post","link":"http:\/\/karin.stampis.com\/blog\/?p=19892","title":{"rendered":"Julafton"},"content":{"rendered":"<p>I \u00e5r firade vi jul med p\u00e4ronen.<\/p>\n<p>Tomten hade varit framme och lagt n\u00e5gra klappar under granen p\u00e5 morgonen.<\/p>\n<p style=\"text-align: center;\"><a href=\"http:\/\/karin.stampis.com\/blog\/wp-content\/uploads\/2015\/12\/DSC02710.jpg\"><img loading=\"lazy\" decoding=\"async\" class=\"aligncenter size-full wp-image-19898\" src=\"http:\/\/karin.stampis.com\/blog\/wp-content\/uploads\/2015\/12\/DSC02710.jpg\" alt=\"DSC02710\" width=\"600\" height=\"504\" srcset=\"http:\/\/karin.stampis.com\/blog\/wp-content\/uploads\/2015\/12\/DSC02710.jpg 600w, http:\/\/karin.stampis.com\/blog\/wp-content\/uploads\/2015\/12\/DSC02710-360x302.jpg 360w\" sizes=\"auto, (max-width: 600px) 100vw, 600px\" \/><\/a><em>(observera att vi faktiskt f\u00f6rs\u00f6ker kamma Alfreds h\u00e5r, men han protesterar vilt och rufsar till det igen)<\/em><\/p>\n<p style=\"text-align: left;\">I ett av paketen l\u00e5g ett spel &#8211; Tjuv och Polis. Alfred har ett stort intresse f\u00f6r tjuvar och poliser, och ett stort r\u00e4ttspatos (tjuvarna \u00e4r dumma! Polisen ska s\u00e4tta dom i f\u00e4ngelse!). Det gick r\u00e4tt bra att spela &#8211; vi lyckades spela en hel omg\u00e5ng, men sen tyckte han att hans monsterbil skulle k\u00f6ra ner alla tjuvar ist\u00e4llet&#8230;<\/p>\n<p style=\"text-align: left;\"><a href=\"http:\/\/karin.stampis.com\/blog\/wp-content\/uploads\/2015\/12\/DSC02711.jpg\"><img loading=\"lazy\" decoding=\"async\" class=\"aligncenter size-full wp-image-19897\" src=\"http:\/\/karin.stampis.com\/blog\/wp-content\/uploads\/2015\/12\/DSC02711.jpg\" alt=\"DSC02711\" width=\"600\" height=\"584\" srcset=\"http:\/\/karin.stampis.com\/blog\/wp-content\/uploads\/2015\/12\/DSC02711.jpg 600w, http:\/\/karin.stampis.com\/blog\/wp-content\/uploads\/2015\/12\/DSC02711-360x350.jpg 360w\" sizes=\"auto, (max-width: 600px) 100vw, 600px\" \/><\/a><\/p>\n<p style=\"text-align: left;\">Sen kom tomten!<\/p>\n<p style=\"text-align: left;\"><a href=\"http:\/\/karin.stampis.com\/blog\/wp-content\/uploads\/2015\/12\/DSC02713.jpg\"><img loading=\"lazy\" decoding=\"async\" class=\"aligncenter size-full wp-image-19896\" src=\"http:\/\/karin.stampis.com\/blog\/wp-content\/uploads\/2015\/12\/DSC02713.jpg\" alt=\"DSC02713\" width=\"600\" height=\"400\" srcset=\"http:\/\/karin.stampis.com\/blog\/wp-content\/uploads\/2015\/12\/DSC02713.jpg 600w, http:\/\/karin.stampis.com\/blog\/wp-content\/uploads\/2015\/12\/DSC02713-360x240.jpg 360w\" sizes=\"auto, (max-width: 600px) 100vw, 600px\" \/><\/a><\/p>\n<p style=\"text-align: left;\">Alfred tog det lugnt med paket\u00f6ppnandet, och utforskade vart och ett paket f\u00f6r sig d\u00e5 det var \u00f6ppnat, s\u00e5 vi hade kvar paket tills kv\u00e4llen. H\u00e4r leker han med en simmande sk\u00f6ldpadda.<a href=\"http:\/\/karin.stampis.com\/blog\/wp-content\/uploads\/2015\/12\/DSC02720.jpg\"><img loading=\"lazy\" decoding=\"async\" class=\"aligncenter size-full wp-image-19895\" src=\"http:\/\/karin.stampis.com\/blog\/wp-content\/uploads\/2015\/12\/DSC02720.jpg\" alt=\"DSC02720\" width=\"600\" height=\"400\" srcset=\"http:\/\/karin.stampis.com\/blog\/wp-content\/uploads\/2015\/12\/DSC02720.jpg 600w, http:\/\/karin.stampis.com\/blog\/wp-content\/uploads\/2015\/12\/DSC02720-360x240.jpg 360w\" sizes=\"auto, (max-width: 600px) 100vw, 600px\" \/><\/a><\/p>\n<p style=\"text-align: left;\">Sen var det julmat. Alfred ville bara \u00e4ta r\u00f6da saker (r\u00f6tt \u00e4r hans oslagbara favoritf\u00e4rg). Vi sm\u00f6g med lite inlagd gurka som han gillar, men i slut\u00e4ndan \u00e5t han ingenting alls av julmaten&#8230;<a href=\"http:\/\/karin.stampis.com\/blog\/wp-content\/uploads\/2015\/12\/DSC02723.jpg\"><img loading=\"lazy\" decoding=\"async\" class=\"aligncenter size-full wp-image-19894\" src=\"http:\/\/karin.stampis.com\/blog\/wp-content\/uploads\/2015\/12\/DSC02723.jpg\" alt=\"DSC02723\" width=\"600\" height=\"400\" srcset=\"http:\/\/karin.stampis.com\/blog\/wp-content\/uploads\/2015\/12\/DSC02723.jpg 600w, http:\/\/karin.stampis.com\/blog\/wp-content\/uploads\/2015\/12\/DSC02723-360x240.jpg 360w\" sizes=\"auto, (max-width: 600px) 100vw, 600px\" \/><\/a><\/p>\n","protected":false},"excerpt":{"rendered":"<p>I \u00e5r firade vi jul med p\u00e4ronen. Tomten hade varit framme och lagt n\u00e5gra klappar under granen p\u00e5 morgonen. (observera att vi faktiskt f\u00f6rs\u00f6ker kamma Alfreds h\u00e5r, men han protesterar vilt och rufsar till det igen) I ett av paketen &hellip; <a href=\"http:\/\/karin.stampis.com\/blog\/?p=19892\">Continue reading <span class=\"meta-nav\">&rarr;<\/span><\/a><\/p>\n","protected":false},"author":1,"featured_media":0,"comment_status":"open","ping_status":"open","sticky":false,"template":"","format":"standard","meta":{"footnotes":""},"categories":[375,322,388],"tags":[99],"class_list":["post-19892","post","type-post","status-publish","format-standard","hentry","category-375","category-alfred","category-december-2015","tag-jul"],"_links":{"self":[{"href":"http:\/\/karin.stampis.com\/blog\/index.php?rest_route=\/wp\/v2\/posts\/19892","targetHints":{"allow":["GET"]}}],"collection":[{"href":"http:\/\/karin.stampis.com\/blog\/index.php?rest_route=\/wp\/v2\/posts"}],"about":[{"href":"http:\/\/karin.stampis.com\/blog\/index.php?rest_route=\/wp\/v2\/types\/post"}],"author":[{"embeddable":true,"href":"http:\/\/karin.stampis.com\/blog\/index.php?rest_route=\/wp\/v2\/users\/1"}],"replies":[{"embeddable":true,"href":"http:\/\/karin.stampis.com\/blog\/index.php?rest_route=%2Fwp%2Fv2%2Fcomments&post=19892"}],"version-history":[{"count":2,"href":"http:\/\/karin.stampis.com\/blog\/index.php?rest_route=\/wp\/v2\/posts\/19892\/revisions"}],"predecessor-version":[{"id":19899,"href":"http:\/\/karin.stampis.com\/blog\/index.php?rest_route=\/wp\/v2\/posts\/19892\/revisions\/19899"}],"wp:attachment":[{"href":"http:\/\/karin.stampis.com\/blog\/index.php?rest_route=%2Fwp%2Fv2%2Fmedia&parent=19892"}],"wp:term":[{"taxonomy":"category","embeddable":true,"href":"http:\/\/karin.stampis.com\/blog\/index.php?rest_route=%2Fwp%2Fv2%2Fcategories&post=19892"},{"taxonomy":"post_tag","embeddable":true,"href":"http:\/\/karin.stampis.com\/blog\/index.php?rest_route=%2Fwp%2Fv2%2Ftags&post=19892"}],"curies":[{"name":"wp","href":"https:\/\/api.w.org\/{rel}","templated":true}]}}