{"id":20274,"date":"2016-05-13T20:11:51","date_gmt":"2016-05-13T19:11:51","guid":{"rendered":"http:\/\/karin.stampis.com\/blog\/?p=20274"},"modified":"2016-05-14T07:32:23","modified_gmt":"2016-05-14T06:32:23","slug":"chill","status":"publish","type":"post","link":"http:\/\/karin.stampis.com\/blog\/?p=20274","title":{"rendered":"Chill"},"content":{"rendered":"<p style=\"text-align: justify;\">Ah, lite chill hann jag med p\u00e5 v\u00e5r trevliga Stockholmstur, h\u00e4rligt! L\u00e4sa bok, och sitta ute i solen och \u00e4ta jordgubbar och dricka islatte \ud83d\ude42 (solen k\u00e4nns \u00e4n s\u00e5 l\u00e4nge inte s\u00e5 hemsk som jag trodde utan bara sk\u00f6n \ud83d\ude42 ). Vi kom hem i l\u00f6rdags, och sen dess har det inte blivit mycket chill kan jag s\u00e4ga (bokm\u00e4rket \u00e4r kvar p\u00e5 samma sida som det var d\u00e5 vi kom hem) :p. Men trots det har varit en intensiv vecka hemma har det varit en bra vecka. P\u00e5 tal om chillande, p\u00e5 jobbet diskuterade vi dagdr\u00f6mmeri, n\u00e5got jag sysslade med mycket f\u00f6rr i tiden, men som jag v\u00e4ldigt s\u00e4llan g\u00f6r nu. Dagdr\u00f6mmer jag nuf\u00f6rtiden s\u00e5 dagdr\u00f6mmer jag om just att chilla. Visualiserar mig sj\u00e4lv ost\u00f6rd i en h\u00e4ngmatta, i lagom v\u00e4rme, lummig omgivning och med en god kall fruktdrink \ud83d\ude42 .<\/p>\n<p style=\"text-align: justify;\"><a href=\"http:\/\/karin.stampis.com\/blog\/wp-content\/uploads\/2016\/05\/DSC03487.jpg\" rel=\"attachment wp-att-20270\"><img loading=\"lazy\" decoding=\"async\" class=\"aligncenter size-full wp-image-20270\" src=\"http:\/\/karin.stampis.com\/blog\/wp-content\/uploads\/2016\/05\/DSC03487.jpg\" alt=\"DSC03487\" width=\"500\" height=\"333\" srcset=\"http:\/\/karin.stampis.com\/blog\/wp-content\/uploads\/2016\/05\/DSC03487.jpg 500w, http:\/\/karin.stampis.com\/blog\/wp-content\/uploads\/2016\/05\/DSC03487-360x240.jpg 360w\" sizes=\"auto, (max-width: 500px) 100vw, 500px\" \/><\/a><\/p>\n","protected":false},"excerpt":{"rendered":"<p>Ah, lite chill hann jag med p\u00e5 v\u00e5r trevliga Stockholmstur, h\u00e4rligt! L\u00e4sa bok, och sitta ute i solen och \u00e4ta jordgubbar och dricka islatte \ud83d\ude42 (solen k\u00e4nns \u00e4n s\u00e5 l\u00e4nge inte s\u00e5 hemsk som jag trodde utan bara sk\u00f6n \ud83d\ude42 &hellip; <a href=\"http:\/\/karin.stampis.com\/blog\/?p=20274\">Continue reading <span class=\"meta-nav\">&rarr;<\/span><\/a><\/p>\n","protected":false},"author":1,"featured_media":0,"comment_status":"open","ping_status":"open","sticky":false,"template":"","format":"standard","meta":{"footnotes":""},"categories":[389,404,145,183,405],"tags":[],"class_list":["post-20274","post","type-post","status-publish","format-standard","hentry","category-389","category-maj-2016","category-resebloggar","category-stockholmsresor","category-stockholmstur-2016"],"_links":{"self":[{"href":"http:\/\/karin.stampis.com\/blog\/index.php?rest_route=\/wp\/v2\/posts\/20274","targetHints":{"allow":["GET"]}}],"collection":[{"href":"http:\/\/karin.stampis.com\/blog\/index.php?rest_route=\/wp\/v2\/posts"}],"about":[{"href":"http:\/\/karin.stampis.com\/blog\/index.php?rest_route=\/wp\/v2\/types\/post"}],"author":[{"embeddable":true,"href":"http:\/\/karin.stampis.com\/blog\/index.php?rest_route=\/wp\/v2\/users\/1"}],"replies":[{"embeddable":true,"href":"http:\/\/karin.stampis.com\/blog\/index.php?rest_route=%2Fwp%2Fv2%2Fcomments&post=20274"}],"version-history":[{"count":6,"href":"http:\/\/karin.stampis.com\/blog\/index.php?rest_route=\/wp\/v2\/posts\/20274\/revisions"}],"predecessor-version":[{"id":20283,"href":"http:\/\/karin.stampis.com\/blog\/index.php?rest_route=\/wp\/v2\/posts\/20274\/revisions\/20283"}],"wp:attachment":[{"href":"http:\/\/karin.stampis.com\/blog\/index.php?rest_route=%2Fwp%2Fv2%2Fmedia&parent=20274"}],"wp:term":[{"taxonomy":"category","embeddable":true,"href":"http:\/\/karin.stampis.com\/blog\/index.php?rest_route=%2Fwp%2Fv2%2Fcategories&post=20274"},{"taxonomy":"post_tag","embeddable":true,"href":"http:\/\/karin.stampis.com\/blog\/index.php?rest_route=%2Fwp%2Fv2%2Ftags&post=20274"}],"curies":[{"name":"wp","href":"https:\/\/api.w.org\/{rel}","templated":true}]}}