{"id":20277,"date":"2016-05-19T20:07:35","date_gmt":"2016-05-19T19:07:35","guid":{"rendered":"http:\/\/karin.stampis.com\/blog\/?p=20277"},"modified":"2016-05-19T20:07:35","modified_gmt":"2016-05-19T19:07:35","slug":"magnolia","status":"publish","type":"post","link":"http:\/\/karin.stampis.com\/blog\/?p=20277","title":{"rendered":"Magnolia"},"content":{"rendered":"<p>Jag \u00e4lskar magnolia. Min favoritv\u00e4xt. Men underbart \u00e4r kort &#8211; det \u00e4r inte s\u00e5 l\u00e4nge som det blommar. Denna v\u00e5ren har ju varit ganska kall, och sen *poff* s\u00e5 var det pl\u00f6tsligt h\u00f6gsommarv\u00e4rme nu tv\u00e5 veckor i maj (passande nog hade jag semester en av dessa) och d\u00e5 slog magnoliorna ut. Jag missade den b\u00e4sta magnolietiden i Sk\u00e5ne (som enligt mina h\u00f6gt ovetenskapliga iakktagelser \u00e4r betdligt magnolie-rikare \u00e4n Stockholm), men jag s\u00e5g ett finfint exemplar p\u00e5 Gr\u00f6na Lund.<\/p>\n<p><a href=\"http:\/\/karin.stampis.com\/blog\/wp-content\/uploads\/2016\/05\/DSC03494.jpg\" rel=\"attachment wp-att-20268\"><img loading=\"lazy\" decoding=\"async\" class=\"aligncenter size-full wp-image-20268\" src=\"http:\/\/karin.stampis.com\/blog\/wp-content\/uploads\/2016\/05\/DSC03494.jpg\" alt=\"DSC03494\" width=\"476\" height=\"500\" srcset=\"http:\/\/karin.stampis.com\/blog\/wp-content\/uploads\/2016\/05\/DSC03494.jpg 476w, http:\/\/karin.stampis.com\/blog\/wp-content\/uploads\/2016\/05\/DSC03494-343x360.jpg 343w\" sizes=\"auto, (max-width: 476px) 100vw, 476px\" \/><\/a><\/p>\n<p>Nu har jag ju \u00e4ven p\u00e5b\u00f6rjat en egen magnoliedr\u00f6m d\u00e5 vi planterat en magnolia vid framsidan av huset. Tacksamt nog s\u00e5 blommade den inte den veckan vi var bortresta :p . Den kommer ju antagligen inte bli som tr\u00e4det ovan under min livstid (det hade den i vilket fall inte f\u00e5tt plats att bli), men det \u00e4r en fin liten buske \ud83d\ude42 .<\/p>\n<p><a href=\"http:\/\/karin.stampis.com\/blog\/wp-content\/uploads\/2016\/05\/DSC_0064.jpg\" rel=\"attachment wp-att-20291\"><img loading=\"lazy\" decoding=\"async\" class=\"aligncenter size-full wp-image-20291\" src=\"http:\/\/karin.stampis.com\/blog\/wp-content\/uploads\/2016\/05\/DSC_0064.jpg\" alt=\"DSC_0064\" width=\"281\" height=\"500\" srcset=\"http:\/\/karin.stampis.com\/blog\/wp-content\/uploads\/2016\/05\/DSC_0064.jpg 281w, http:\/\/karin.stampis.com\/blog\/wp-content\/uploads\/2016\/05\/DSC_0064-202x360.jpg 202w\" sizes=\"auto, (max-width: 281px) 100vw, 281px\" \/><\/a><\/p>\n","protected":false},"excerpt":{"rendered":"<p>Jag \u00e4lskar magnolia. Min favoritv\u00e4xt. Men underbart \u00e4r kort &#8211; det \u00e4r inte s\u00e5 l\u00e4nge som det blommar. Denna v\u00e5ren har ju varit ganska kall, och sen *poff* s\u00e5 var det pl\u00f6tsligt h\u00f6gsommarv\u00e4rme nu tv\u00e5 veckor i maj (passande nog &hellip; <a href=\"http:\/\/karin.stampis.com\/blog\/?p=20277\">Continue reading <span class=\"meta-nav\">&rarr;<\/span><\/a><\/p>\n","protected":false},"author":1,"featured_media":0,"comment_status":"open","ping_status":"open","sticky":false,"template":"","format":"standard","meta":{"footnotes":""},"categories":[389,347,404],"tags":[],"class_list":["post-20277","post","type-post","status-publish","format-standard","hentry","category-389","category-hus-2","category-maj-2016"],"_links":{"self":[{"href":"http:\/\/karin.stampis.com\/blog\/index.php?rest_route=\/wp\/v2\/posts\/20277","targetHints":{"allow":["GET"]}}],"collection":[{"href":"http:\/\/karin.stampis.com\/blog\/index.php?rest_route=\/wp\/v2\/posts"}],"about":[{"href":"http:\/\/karin.stampis.com\/blog\/index.php?rest_route=\/wp\/v2\/types\/post"}],"author":[{"embeddable":true,"href":"http:\/\/karin.stampis.com\/blog\/index.php?rest_route=\/wp\/v2\/users\/1"}],"replies":[{"embeddable":true,"href":"http:\/\/karin.stampis.com\/blog\/index.php?rest_route=%2Fwp%2Fv2%2Fcomments&post=20277"}],"version-history":[{"count":4,"href":"http:\/\/karin.stampis.com\/blog\/index.php?rest_route=\/wp\/v2\/posts\/20277\/revisions"}],"predecessor-version":[{"id":20292,"href":"http:\/\/karin.stampis.com\/blog\/index.php?rest_route=\/wp\/v2\/posts\/20277\/revisions\/20292"}],"wp:attachment":[{"href":"http:\/\/karin.stampis.com\/blog\/index.php?rest_route=%2Fwp%2Fv2%2Fmedia&parent=20277"}],"wp:term":[{"taxonomy":"category","embeddable":true,"href":"http:\/\/karin.stampis.com\/blog\/index.php?rest_route=%2Fwp%2Fv2%2Fcategories&post=20277"},{"taxonomy":"post_tag","embeddable":true,"href":"http:\/\/karin.stampis.com\/blog\/index.php?rest_route=%2Fwp%2Fv2%2Ftags&post=20277"}],"curies":[{"name":"wp","href":"https:\/\/api.w.org\/{rel}","templated":true}]}}