{"id":20788,"date":"2016-09-13T19:17:35","date_gmt":"2016-09-13T18:17:35","guid":{"rendered":"http:\/\/karin.stampis.com\/blog\/?p=20788"},"modified":"2016-10-13T12:02:40","modified_gmt":"2016-10-13T11:02:40","slug":"viktor-1-manad","status":"publish","type":"post","link":"http:\/\/karin.stampis.com\/blog\/?p=20788","title":{"rendered":"Viktor 1 m\u00e5nad"},"content":{"rendered":"<p>Idag var det 1 m\u00e5nad sen v\u00e5r lille p\u00e5g f\u00f6ddes. L\u00e4get nu \u00e4r ganska likartat\u00a0som vid 3-veckors-summeringen. Fast vissa saker \u00e4ndrar sig &#8211; s\u00e5som vikten t.ex. (i rasande fart). F\u00f6r en vecka sen v\u00e4gde han 5.7 kg (fortfarande +3 SD \u00f6ver medel). Antar att han v\u00e4ger ca 6 kg nu, vilket \u00e4r kilot mer \u00e4n storebrorsan vid samma \u00e5lder.<\/p>\n<p>Han \u00e4r mycket stark och kan lyfta nacken hur l\u00e4nge som helst. Han k\u00e4mpar p\u00e5 med kryp\u00f6vningar d\u00e5 han ligger p\u00e5 mage och \u00e4r mycket frustrerad att han inte kommer n\u00e5gonstans (fast han kr\u00e4lar lite \u00e5t sidan).<\/p>\n<p>Natts\u00f6mnen \u00e4r fortfarande bra, men jag har m\u00e4rkt en illavarslande tendens till f\u00f6rs\u00e4mring p\u00e5 sistone :\/. Mest f\u00f6r att det beh\u00f6vs byta m\u00e5nga bl\u00f6jor p\u00e5 n\u00e4tterna och att han ammar l\u00e4nge. Han kan vara pigg efter amningarna, och numera accepterar han inte spj\u00e4ls\u00e4ngen :p .<\/p>\n<p>Han sover dock mindre och mindre p\u00e5 dagtid f\u00f6r varje dag. Han brukar sova gott i barnvagnen, men han vaknar alltid 5 minuter innan vi \u00e4r hemma och \u00e4r vr\u00e5lhungrig (oberoende av hur l\u00e5ng promenad man g\u00e5tt).<\/p>\n<p>Nu d\u00e5 han fyllt en m\u00e5nad s\u00e5 \u00e4r det klockan 9-14 p\u00e5 f\u00f6rskolan som g\u00e4ller p\u00e5 dagarna f\u00f6r Alfred, d.v.s. b\u00e5de l\u00e4mning och h\u00e4mtning sj\u00e4lv med de tv\u00e5 kidsen. S\u00e5 det blir en annan vardag.\u00a0Hoppas jag f\u00e5r bra ordning p\u00e5 dessa nya rutiner&#8230;<\/p>\n<p><a href=\"http:\/\/karin.stampis.com\/blog\/wp-content\/uploads\/2016\/09\/DSC04199.jpg\" rel=\"attachment wp-att-20790\"><img loading=\"lazy\" decoding=\"async\" class=\"aligncenter size-full wp-image-20790\" src=\"http:\/\/karin.stampis.com\/blog\/wp-content\/uploads\/2016\/09\/DSC04199.jpg\" alt=\"DSC04199\" width=\"600\" height=\"400\" srcset=\"http:\/\/karin.stampis.com\/blog\/wp-content\/uploads\/2016\/09\/DSC04199.jpg 600w, http:\/\/karin.stampis.com\/blog\/wp-content\/uploads\/2016\/09\/DSC04199-360x240.jpg 360w\" sizes=\"auto, (max-width: 600px) 100vw, 600px\" \/><\/a><\/p>\n<p><a href=\"http:\/\/karin.stampis.com\/blog\/wp-content\/uploads\/2016\/09\/DSC04212.jpg\" rel=\"attachment wp-att-20791\"><img loading=\"lazy\" decoding=\"async\" class=\"aligncenter size-full wp-image-20791\" src=\"http:\/\/karin.stampis.com\/blog\/wp-content\/uploads\/2016\/09\/DSC04212.jpg\" alt=\"DSC04212\" width=\"600\" height=\"410\" srcset=\"http:\/\/karin.stampis.com\/blog\/wp-content\/uploads\/2016\/09\/DSC04212.jpg 600w, http:\/\/karin.stampis.com\/blog\/wp-content\/uploads\/2016\/09\/DSC04212-360x246.jpg 360w\" sizes=\"auto, (max-width: 600px) 100vw, 600px\" \/><\/a><\/p>\n","protected":false},"excerpt":{"rendered":"<p>Idag var det 1 m\u00e5nad sen v\u00e5r lille p\u00e5g f\u00f6ddes. L\u00e4get nu \u00e4r ganska likartat\u00a0som vid 3-veckors-summeringen. Fast vissa saker \u00e4ndrar sig &#8211; s\u00e5som vikten t.ex. (i rasande fart). F\u00f6r en vecka sen v\u00e4gde han 5.7 kg (fortfarande +3 SD &hellip; <a href=\"http:\/\/karin.stampis.com\/blog\/?p=20788\">Continue reading <span class=\"meta-nav\">&rarr;<\/span><\/a><\/p>\n","protected":false},"author":1,"featured_media":0,"comment_status":"open","ping_status":"open","sticky":false,"template":"","format":"standard","meta":{"footnotes":""},"categories":[389,411,410,413],"tags":[],"class_list":["post-20788","post","type-post","status-publish","format-standard","hentry","category-389","category-september-2016","category-viktor","category-viktor-fyller-manad"],"_links":{"self":[{"href":"http:\/\/karin.stampis.com\/blog\/index.php?rest_route=\/wp\/v2\/posts\/20788","targetHints":{"allow":["GET"]}}],"collection":[{"href":"http:\/\/karin.stampis.com\/blog\/index.php?rest_route=\/wp\/v2\/posts"}],"about":[{"href":"http:\/\/karin.stampis.com\/blog\/index.php?rest_route=\/wp\/v2\/types\/post"}],"author":[{"embeddable":true,"href":"http:\/\/karin.stampis.com\/blog\/index.php?rest_route=\/wp\/v2\/users\/1"}],"replies":[{"embeddable":true,"href":"http:\/\/karin.stampis.com\/blog\/index.php?rest_route=%2Fwp%2Fv2%2Fcomments&post=20788"}],"version-history":[{"count":8,"href":"http:\/\/karin.stampis.com\/blog\/index.php?rest_route=\/wp\/v2\/posts\/20788\/revisions"}],"predecessor-version":[{"id":20808,"href":"http:\/\/karin.stampis.com\/blog\/index.php?rest_route=\/wp\/v2\/posts\/20788\/revisions\/20808"}],"wp:attachment":[{"href":"http:\/\/karin.stampis.com\/blog\/index.php?rest_route=%2Fwp%2Fv2%2Fmedia&parent=20788"}],"wp:term":[{"taxonomy":"category","embeddable":true,"href":"http:\/\/karin.stampis.com\/blog\/index.php?rest_route=%2Fwp%2Fv2%2Fcategories&post=20788"},{"taxonomy":"post_tag","embeddable":true,"href":"http:\/\/karin.stampis.com\/blog\/index.php?rest_route=%2Fwp%2Fv2%2Ftags&post=20788"}],"curies":[{"name":"wp","href":"https:\/\/api.w.org\/{rel}","templated":true}]}}