{"id":2080,"date":"2009-02-21T10:40:44","date_gmt":"2009-02-21T09:40:44","guid":{"rendered":"http:\/\/karin.stampis.com\/blog\/?p=2080"},"modified":"2009-02-21T10:40:44","modified_gmt":"2009-02-21T09:40:44","slug":"frukost","status":"publish","type":"post","link":"http:\/\/karin.stampis.com\/blog\/?p=2080","title":{"rendered":"Frukost"},"content":{"rendered":"<p>Idag ska vi fira lite f\u00f6rsenad alla hj\u00e4rtans dag (eftersom vi var bortresta p\u00e5 alla hj\u00e4rtans dag), och Jimmy ska laga en \u00f6verraskningsmiddag \u00e5t mig \ud83d\ude42 ! Eftersom jag annars alltid \u00e4r matansvarig (vilket \u00e4r totalt frivilligt!) s\u00e5 gjorde jag en st\u00f6rre frukost ist\u00e4llet. Blev j\u00e4ttemumsigt och nu \u00e4r jag m\u00e4\u00e4\u00e4\u00e4tt.<\/p>\n<p><a rel=\"attachment wp-att-2084\" href=\"http:\/\/karin.stampis.com\/blog\/?attachment_id=2084\"><img loading=\"lazy\" decoding=\"async\" class=\"aligncenter size-medium wp-image-2084\" title=\"frukost-13\" src=\"http:\/\/karin.stampis.com\/blog\/wp-content\/uploads\/2009\/02\/frukost-13-360x332.jpg\" alt=\"frukost-13\" width=\"360\" height=\"332\" srcset=\"http:\/\/karin.stampis.com\/blog\/wp-content\/uploads\/2009\/02\/frukost-13-360x332.jpg 360w, http:\/\/karin.stampis.com\/blog\/wp-content\/uploads\/2009\/02\/frukost-13.jpg 1000w\" sizes=\"auto, (max-width: 360px) 100vw, 360px\" \/><\/a><\/p>\n<p><em>Det s\u00e5g mycket b\u00e4ttre ut i verkligheten \u00e4n p\u00e5 foto&#8230;<\/em><\/p>\n<p><em>Frukosten bestod av mango\/banan-smothie, te, grekisk youghurt med honung och valn\u00f6tter, f\u00e4rskpressad juice och hembakta scones med ost\/philiadelphia med hallonsylt.<\/em> <em>Mina scones var med h\u00e4lften dinkelmj\u00f6l &#8211; d\u00e4rav f\u00e4rgen, de jag gjorde \u00e5t Jimmy var orginalscones med hallonsylt i &#8211; de var godast (inte helt otippat).<\/em><\/p>\n","protected":false},"excerpt":{"rendered":"<p>Idag ska vi fira lite f\u00f6rsenad alla hj\u00e4rtans dag (eftersom vi var bortresta p\u00e5 alla hj\u00e4rtans dag), och Jimmy ska laga en \u00f6verraskningsmiddag \u00e5t mig \ud83d\ude42 ! Eftersom jag annars alltid \u00e4r matansvarig (vilket \u00e4r totalt frivilligt!) s\u00e5 gjorde jag &hellip; <a href=\"http:\/\/karin.stampis.com\/blog\/?p=2080\">Continue reading <span class=\"meta-nav\">&rarr;<\/span><\/a><\/p>\n","protected":false},"author":1,"featured_media":0,"comment_status":"open","ping_status":"open","sticky":false,"template":"","format":"standard","meta":{"footnotes":""},"categories":[158],"tags":[175,47],"class_list":["post-2080","post","type-post","status-publish","format-standard","hentry","category-februari-2009","tag-frukost","tag-lordag"],"_links":{"self":[{"href":"http:\/\/karin.stampis.com\/blog\/index.php?rest_route=\/wp\/v2\/posts\/2080","targetHints":{"allow":["GET"]}}],"collection":[{"href":"http:\/\/karin.stampis.com\/blog\/index.php?rest_route=\/wp\/v2\/posts"}],"about":[{"href":"http:\/\/karin.stampis.com\/blog\/index.php?rest_route=\/wp\/v2\/types\/post"}],"author":[{"embeddable":true,"href":"http:\/\/karin.stampis.com\/blog\/index.php?rest_route=\/wp\/v2\/users\/1"}],"replies":[{"embeddable":true,"href":"http:\/\/karin.stampis.com\/blog\/index.php?rest_route=%2Fwp%2Fv2%2Fcomments&post=2080"}],"version-history":[{"count":17,"href":"http:\/\/karin.stampis.com\/blog\/index.php?rest_route=\/wp\/v2\/posts\/2080\/revisions"}],"predecessor-version":[{"id":2102,"href":"http:\/\/karin.stampis.com\/blog\/index.php?rest_route=\/wp\/v2\/posts\/2080\/revisions\/2102"}],"wp:attachment":[{"href":"http:\/\/karin.stampis.com\/blog\/index.php?rest_route=%2Fwp%2Fv2%2Fmedia&parent=2080"}],"wp:term":[{"taxonomy":"category","embeddable":true,"href":"http:\/\/karin.stampis.com\/blog\/index.php?rest_route=%2Fwp%2Fv2%2Fcategories&post=2080"},{"taxonomy":"post_tag","embeddable":true,"href":"http:\/\/karin.stampis.com\/blog\/index.php?rest_route=%2Fwp%2Fv2%2Ftags&post=2080"}],"curies":[{"name":"wp","href":"https:\/\/api.w.org\/{rel}","templated":true}]}}