{"id":20920,"date":"2016-10-17T07:29:01","date_gmt":"2016-10-17T06:29:01","guid":{"rendered":"http:\/\/karin.stampis.com\/blog\/?p=20920"},"modified":"2016-10-13T12:30:22","modified_gmt":"2016-10-13T11:30:22","slug":"kostymen","status":"publish","type":"post","link":"http:\/\/karin.stampis.com\/blog\/?p=20920","title":{"rendered":"Kostymen"},"content":{"rendered":"<p>Viktor var p\u00e5 sitt livs f\u00f6rsta disputation f\u00f6rra veckan, vid strax under 2 m\u00e5naders \u00e5lder. Det gick bra, han var vaken hela tiden men han var lugn. Han var \u00e4ven med p\u00e5 efterf\u00f6ljande partaj, och jag ville att \u00e4ven han skulle h\u00e5lla p\u00e5 kl\u00e4dkoden. Tyv\u00e4rr fick jag inget bra foto (han var inte s\u00e5 samarbetsvillig, och sen kr\u00e4ktes han p\u00e5 kostymen p\u00e5 festen s\u00e5 jag fick byta kl\u00e4der :p) men h\u00e4r nedan \u00e4r n\u00e5gra foton. Detta plagg \u00e4r i storlek 86 &#8211; det satt lite l\u00f6st och jag fick vika upp armar och ben, men det gick ju att ha p\u00e5 sig.<\/p>\n<p><a href=\"http:\/\/karin.stampis.com\/blog\/wp-content\/uploads\/2016\/10\/DSC_0795.jpg\"><img loading=\"lazy\" decoding=\"async\" class=\"aligncenter wp-image-20945 size-large\" src=\"http:\/\/karin.stampis.com\/blog\/wp-content\/uploads\/2016\/10\/DSC_0795-519x1024.jpg\" alt=\"dsc_0795\" width=\"519\" height=\"1024\" srcset=\"http:\/\/karin.stampis.com\/blog\/wp-content\/uploads\/2016\/10\/DSC_0795-519x1024.jpg 519w, http:\/\/karin.stampis.com\/blog\/wp-content\/uploads\/2016\/10\/DSC_0795-182x360.jpg 182w, http:\/\/karin.stampis.com\/blog\/wp-content\/uploads\/2016\/10\/DSC_0795.jpg 608w\" sizes=\"auto, (max-width: 519px) 100vw, 519px\" \/><\/a><\/p>\n<p><a href=\"http:\/\/karin.stampis.com\/blog\/wp-content\/uploads\/2016\/10\/DSC_0798-1.jpg\"><img loading=\"lazy\" decoding=\"async\" class=\"aligncenter wp-image-20947 size-large\" src=\"http:\/\/karin.stampis.com\/blog\/wp-content\/uploads\/2016\/10\/DSC_0798-1-562x1024.jpg\" alt=\"dsc_0798\" width=\"562\" height=\"1024\" srcset=\"http:\/\/karin.stampis.com\/blog\/wp-content\/uploads\/2016\/10\/DSC_0798-1-562x1024.jpg 562w, http:\/\/karin.stampis.com\/blog\/wp-content\/uploads\/2016\/10\/DSC_0798-1-198x360.jpg 198w, http:\/\/karin.stampis.com\/blog\/wp-content\/uploads\/2016\/10\/DSC_0798-1.jpg 659w\" sizes=\"auto, (max-width: 562px) 100vw, 562px\" \/><\/a><\/p>\n<p>Plagget kommer ursprungligen fr\u00e5n storebror, som hade det p\u00e5 sig d\u00e5 han var betydligt \u00e4ldre. Dessa tillf\u00e4llen \u00e4r lite mer v\u00e4ldokumenterade (lite l\u00e4nkar nedan).<\/p>\n<p><a href=\"http:\/\/karin.stampis.com\/blog\/?p=16091\">Alfred p\u00e5 br\u00f6llop Juni 2013 post 1<\/a>,\u00a0<a href=\"http:\/\/karin.stampis.com\/blog\/?p=16097\">Alfred p\u00e5 br\u00f6llop Juni 2013 post\u00a02<\/a>, <a href=\"http:\/\/karin.stampis.com\/blog\/?p=16185\">Alfred p\u00e5 br\u00f6llop Juni 2013 post 3<\/a><\/p>\n<p><a href=\"http:\/\/karin.stampis.com\/blog\/?p=16729\">Alfred p\u00e5 br\u00f6llop Augusti 2013 post 1<\/a>,\u00a0<a href=\"http:\/\/karin.stampis.com\/blog\/?p=16737\">Alfred p\u00e5 br\u00f6llop Augusti 2013 post 2<\/a>,\u00a0<a href=\"http:\/\/karin.stampis.com\/blog\/?p=16748\">Alfred p\u00e5 br\u00f6llop Augusti 2013 post 3<\/a>,<\/p>\n<p><a href=\"http:\/\/karin.stampis.com\/blog\/?p=16800\">Alfreds dop post 1<\/a>, <a href=\"http:\/\/karin.stampis.com\/blog\/?p=16817\">Alfreds dop post 2<\/a>,\u00a0<a href=\"http:\/\/karin.stampis.com\/blog\/?p=16840\">Alfreds dop post\u00a03<\/a>, <a href=\"http:\/\/karin.stampis.com\/blog\/?p=16870\">Alfreds dop post 4<\/a><\/p>\n<p>Men men, det kommer s\u00e4kerligen fler poster i framtiden d\u00e4r Viktor har p\u00e5 sig denna outfit \ud83d\ude09 .<\/p>\n","protected":false},"excerpt":{"rendered":"<p>Viktor var p\u00e5 sitt livs f\u00f6rsta disputation f\u00f6rra veckan, vid strax under 2 m\u00e5naders \u00e5lder. Det gick bra, han var vaken hela tiden men han var lugn. Han var \u00e4ven med p\u00e5 efterf\u00f6ljande partaj, och jag ville att \u00e4ven han &hellip; <a href=\"http:\/\/karin.stampis.com\/blog\/?p=20920\">Continue reading <span class=\"meta-nav\">&rarr;<\/span><\/a><\/p>\n","protected":false},"author":1,"featured_media":0,"comment_status":"open","ping_status":"open","sticky":false,"template":"","format":"standard","meta":{"footnotes":""},"categories":[389,412,410],"tags":[],"class_list":["post-20920","post","type-post","status-publish","format-standard","hentry","category-389","category-oktober-2016","category-viktor"],"_links":{"self":[{"href":"http:\/\/karin.stampis.com\/blog\/index.php?rest_route=\/wp\/v2\/posts\/20920","targetHints":{"allow":["GET"]}}],"collection":[{"href":"http:\/\/karin.stampis.com\/blog\/index.php?rest_route=\/wp\/v2\/posts"}],"about":[{"href":"http:\/\/karin.stampis.com\/blog\/index.php?rest_route=\/wp\/v2\/types\/post"}],"author":[{"embeddable":true,"href":"http:\/\/karin.stampis.com\/blog\/index.php?rest_route=\/wp\/v2\/users\/1"}],"replies":[{"embeddable":true,"href":"http:\/\/karin.stampis.com\/blog\/index.php?rest_route=%2Fwp%2Fv2%2Fcomments&post=20920"}],"version-history":[{"count":6,"href":"http:\/\/karin.stampis.com\/blog\/index.php?rest_route=\/wp\/v2\/posts\/20920\/revisions"}],"predecessor-version":[{"id":20952,"href":"http:\/\/karin.stampis.com\/blog\/index.php?rest_route=\/wp\/v2\/posts\/20920\/revisions\/20952"}],"wp:attachment":[{"href":"http:\/\/karin.stampis.com\/blog\/index.php?rest_route=%2Fwp%2Fv2%2Fmedia&parent=20920"}],"wp:term":[{"taxonomy":"category","embeddable":true,"href":"http:\/\/karin.stampis.com\/blog\/index.php?rest_route=%2Fwp%2Fv2%2Fcategories&post=20920"},{"taxonomy":"post_tag","embeddable":true,"href":"http:\/\/karin.stampis.com\/blog\/index.php?rest_route=%2Fwp%2Fv2%2Ftags&post=20920"}],"curies":[{"name":"wp","href":"https:\/\/api.w.org\/{rel}","templated":true}]}}