{"id":20929,"date":"2016-10-15T07:01:19","date_gmt":"2016-10-15T06:01:19","guid":{"rendered":"http:\/\/karin.stampis.com\/blog\/?p=20929"},"modified":"2016-10-13T12:01:37","modified_gmt":"2016-10-13T11:01:37","slug":"gravid-sammanfattning","status":"publish","type":"post","link":"http:\/\/karin.stampis.com\/blog\/?p=20929","title":{"rendered":"Gravid-sammanfattning"},"content":{"rendered":"<p>Eftersom jag hade en r\u00e4tt s\u00e5 risig fotodokumentation p\u00e5 min f\u00f6rsta graviditet (<a href=\"http:\/\/karin.stampis.com\/blog\/?p=14516\">l\u00e4nk<\/a>), s\u00e5 hade jag stora planer p\u00e5 att g\u00f6ra detta b\u00e4ttre under min andra graviditet. P\u00e5 n\u00e4tet finns det ju en hel rad folk som har tagit bilder n\u00e4stanp\u00e5 varje dag och gjort collage\/videor. Jag t\u00e4nkte att det hade ju varit r\u00e4tt fr\u00e4ckt att ta bilder med samma kl\u00e4der och samma pose varje dag (eller iaf varje vecka) och sen g\u00f6ra en video d\u00e4r man k\u00f6r dessa i snabb f\u00f6ljd. Det var id\u00e9n. I praktiken \u00e4r det v\u00e4l bara folk som antingen har det f\u00f6rsta barnet i magen eller som av n\u00e5gon annan anledning har alldeles f\u00f6r mycket tid \u00a0som hinner med s\u00e5dant :p. I slut\u00e4ndan blev det s\u00e5 att man kom p\u00e5\u00a0strax\u00a0innan l\u00e4ggdags att det var alltf\u00f6r l\u00e4ngesen vi fotade. &#8220;Vi kan v\u00e4l g\u00f6ra det imorgon&#8221; var en fras som vi ofta sade om detta.\u00a0Men detta med fotograferingen fick det att k\u00e4nnas som om graviditeten gick j\u00e4ttesnabbt (&#8220;ojd\u00e5, var det redan 2 veckor sen vi fotade senast? Vart tar tiden v\u00e4gen&#8221;?). Vi t\u00e4nkte avsluta med att ta ett foto, d\u00e4r jag ist\u00e4llet f\u00f6r magen, h\u00e5ller Viktor d\u00e4r magen var tidigare. Problemet var att vi inte kom loss h\u00e4r heller, och Viktor v\u00e4xte ju s\u00e5 snabbt, s\u00e5 han blev snabbt f\u00f6r stor f\u00f6r att det skulle se ut som om han precis legat i magen :p .<\/p>\n<p>N\u00e5v\u00e4l, det blev i alla fall lite b\u00e4ttre dokumentation \u00e4n f\u00f6rra g\u00e5ngen (2 foton\/tillf\u00e4lle). H\u00e4r nedan \u00e4r foto-samlingen. Om man klickar p\u00e5 bilden blir den st\u00f6rre, annars\u00a0ser jag smalare ut \u00e4n vad jag var :p . Sjutton kilo plus blev det, varav det \u00e4r sex kilo kvar &#8211; de blir nog de sv\u00e5raste att svettas bort, men det f\u00e5r ta den tid det tar.<\/p>\n<p><a href=\"http:\/\/karin.stampis.com\/blog\/wp-content\/uploads\/2016\/10\/mage2-1.jpg\" rel=\"attachment wp-att-20932\"><img loading=\"lazy\" decoding=\"async\" class=\"aligncenter wp-image-20932 size-large\" src=\"http:\/\/karin.stampis.com\/blog\/wp-content\/uploads\/2016\/10\/mage2-1-680x1024.jpg\" alt=\"mage\" width=\"680\" height=\"1024\" srcset=\"http:\/\/karin.stampis.com\/blog\/wp-content\/uploads\/2016\/10\/mage2-1-680x1024.jpg 680w, http:\/\/karin.stampis.com\/blog\/wp-content\/uploads\/2016\/10\/mage2-1-239x360.jpg 239w, http:\/\/karin.stampis.com\/blog\/wp-content\/uploads\/2016\/10\/mage2-1-768x1156.jpg 768w, http:\/\/karin.stampis.com\/blog\/wp-content\/uploads\/2016\/10\/mage2-1.jpg 797w\" sizes=\"auto, (max-width: 680px) 100vw, 680px\" \/><\/a><\/p>\n<p>&nbsp;<\/p>\n<p>&nbsp;<\/p>\n","protected":false},"excerpt":{"rendered":"<p>Eftersom jag hade en r\u00e4tt s\u00e5 risig fotodokumentation p\u00e5 min f\u00f6rsta graviditet (l\u00e4nk), s\u00e5 hade jag stora planer p\u00e5 att g\u00f6ra detta b\u00e4ttre under min andra graviditet. P\u00e5 n\u00e4tet finns det ju en hel rad folk som har tagit bilder &hellip; <a href=\"http:\/\/karin.stampis.com\/blog\/?p=20929\">Continue reading <span class=\"meta-nav\">&rarr;<\/span><\/a><\/p>\n","protected":false},"author":1,"featured_media":0,"comment_status":"open","ping_status":"open","sticky":false,"template":"","format":"standard","meta":{"footnotes":""},"categories":[389,412,410,393],"tags":[],"class_list":["post-20929","post","type-post","status-publish","format-standard","hentry","category-389","category-oktober-2016","category-viktor","category-rakan"],"_links":{"self":[{"href":"http:\/\/karin.stampis.com\/blog\/index.php?rest_route=\/wp\/v2\/posts\/20929","targetHints":{"allow":["GET"]}}],"collection":[{"href":"http:\/\/karin.stampis.com\/blog\/index.php?rest_route=\/wp\/v2\/posts"}],"about":[{"href":"http:\/\/karin.stampis.com\/blog\/index.php?rest_route=\/wp\/v2\/types\/post"}],"author":[{"embeddable":true,"href":"http:\/\/karin.stampis.com\/blog\/index.php?rest_route=\/wp\/v2\/users\/1"}],"replies":[{"embeddable":true,"href":"http:\/\/karin.stampis.com\/blog\/index.php?rest_route=%2Fwp%2Fv2%2Fcomments&post=20929"}],"version-history":[{"count":10,"href":"http:\/\/karin.stampis.com\/blog\/index.php?rest_route=\/wp\/v2\/posts\/20929\/revisions"}],"predecessor-version":[{"id":20941,"href":"http:\/\/karin.stampis.com\/blog\/index.php?rest_route=\/wp\/v2\/posts\/20929\/revisions\/20941"}],"wp:attachment":[{"href":"http:\/\/karin.stampis.com\/blog\/index.php?rest_route=%2Fwp%2Fv2%2Fmedia&parent=20929"}],"wp:term":[{"taxonomy":"category","embeddable":true,"href":"http:\/\/karin.stampis.com\/blog\/index.php?rest_route=%2Fwp%2Fv2%2Fcategories&post=20929"},{"taxonomy":"post_tag","embeddable":true,"href":"http:\/\/karin.stampis.com\/blog\/index.php?rest_route=%2Fwp%2Fv2%2Ftags&post=20929"}],"curies":[{"name":"wp","href":"https:\/\/api.w.org\/{rel}","templated":true}]}}