{"id":20959,"date":"2016-10-19T07:02:07","date_gmt":"2016-10-19T06:02:07","guid":{"rendered":"http:\/\/karin.stampis.com\/blog\/?p=20959"},"modified":"2016-11-01T20:32:21","modified_gmt":"2016-11-01T19:32:21","slug":"hostfint-i-vecka-41","status":"publish","type":"post","link":"http:\/\/karin.stampis.com\/blog\/?p=20959","title":{"rendered":"H\u00f6stfint i vecka 41"},"content":{"rendered":"<p>En h\u00e4rlig sak med att vara f\u00f6r\u00e4ldraledig \u00e4r alla barnvagnspromenader och att man d\u00e5 har m\u00f6jlighet att se \u00e5rstidernas skiftningar mer \u00e4n d\u00e5 man \u00e4r p\u00e5 ett kontor hela dagarna. Nu \u00e4r det riktigt h\u00f6stigt ute. Jag brukar s\u00e4ga till Alfred att han fyller \u00e5r precis d\u00e5 naturen har varit som mest h\u00f6stf\u00e4rgad och vacker, i brytpunkten mellan den vackra delen av h\u00f6sten och den mer ruggiga delen. Som under 2012, d\u00e5 vi promenerade i en natur med fantastiska h\u00f6stf\u00e4rger (och temperaturen var ganska h\u00f6g) precis innan han f\u00f6ddes. Sen d\u00e5 vi \u00e5kte hem fr\u00e5n sjukhuset den 25:e oktober s\u00e5 var det pl\u00f6tsligt kallt och ruggigt och t.o.m sn\u00f6! D\u00e5 jag kollar p\u00e5 v\u00e4derhistoriken s\u00e5 var det 17 grader den 20 oktober 2012 (dagen innan vattnet gick, d\u00e5 <a href=\"http:\/\/karin.stampis.com\/blog\/?p=13347\">dessa foton<\/a> \u00e4r tagna), och p\u00e5 kv\u00e4llen den 25e d\u00e5 vi \u00e5kte hem var det 1 grad och sn\u00f6, sen var det flera minusgrader de kommande n\u00e4tterna.<\/p>\n<p><a href=\"http:\/\/karin.stampis.com\/blog\/wp-content\/uploads\/2016\/10\/DSC_0841.jpg\"><img loading=\"lazy\" decoding=\"async\" class=\"aligncenter wp-image-20963\" src=\"http:\/\/karin.stampis.com\/blog\/wp-content\/uploads\/2016\/10\/DSC_0841-360x203.jpg\" alt=\"dsc_0841\" width=\"400\" height=\"225\" srcset=\"http:\/\/karin.stampis.com\/blog\/wp-content\/uploads\/2016\/10\/DSC_0841-360x203.jpg 360w, http:\/\/karin.stampis.com\/blog\/wp-content\/uploads\/2016\/10\/DSC_0841-768x432.jpg 768w, http:\/\/karin.stampis.com\/blog\/wp-content\/uploads\/2016\/10\/DSC_0841-1024x576.jpg 1024w, http:\/\/karin.stampis.com\/blog\/wp-content\/uploads\/2016\/10\/DSC_0841.jpg 1200w\" sizes=\"auto, (max-width: 400px) 100vw, 400px\" \/><\/a><\/p>\n<p><a href=\"http:\/\/karin.stampis.com\/blog\/wp-content\/uploads\/2016\/10\/DSC_0843-EFFECTS.jpg\"><img loading=\"lazy\" decoding=\"async\" class=\"aligncenter wp-image-20964\" src=\"http:\/\/karin.stampis.com\/blog\/wp-content\/uploads\/2016\/10\/DSC_0843-EFFECTS-360x235.jpg\" alt=\"dsc_0843-effects\" width=\"400\" height=\"261\" srcset=\"http:\/\/karin.stampis.com\/blog\/wp-content\/uploads\/2016\/10\/DSC_0843-EFFECTS-360x235.jpg 360w, http:\/\/karin.stampis.com\/blog\/wp-content\/uploads\/2016\/10\/DSC_0843-EFFECTS-768x501.jpg 768w, http:\/\/karin.stampis.com\/blog\/wp-content\/uploads\/2016\/10\/DSC_0843-EFFECTS-1024x668.jpg 1024w, http:\/\/karin.stampis.com\/blog\/wp-content\/uploads\/2016\/10\/DSC_0843-EFFECTS.jpg 1200w\" sizes=\"auto, (max-width: 400px) 100vw, 400px\" \/><\/a><\/p>\n<p style=\"text-align: center;\"><em><a href=\"http:\/\/karin.stampis.com\/blog\/wp-content\/uploads\/2016\/10\/DSC_0834.jpg\"><img loading=\"lazy\" decoding=\"async\" class=\"aligncenter size-full wp-image-20971\" src=\"http:\/\/karin.stampis.com\/blog\/wp-content\/uploads\/2016\/10\/DSC_0834.jpg\" alt=\"dsc_0834\" width=\"600\" height=\"212\" srcset=\"http:\/\/karin.stampis.com\/blog\/wp-content\/uploads\/2016\/10\/DSC_0834.jpg 600w, http:\/\/karin.stampis.com\/blog\/wp-content\/uploads\/2016\/10\/DSC_0834-360x127.jpg 360w\" sizes=\"auto, (max-width: 600px) 100vw, 600px\" \/><\/a>Naturen\u00a0i vecka 41<\/em><\/p>\n<p>Och g\u00e4llande Viktors f\u00f6delse och v\u00e4dret kommer jag att komma ih\u00e5g att han \u00e4r f\u00f6dd under en regnperiod \ud83d\ude09 , f\u00f6ljd av en mycket vacker september (bl.a. var det 24 grader p\u00e5 min f\u00f6delsedag den 15e!) \ud83d\ude42 . Kommer \u00e4ven tacksamt ih\u00e5g att det inte var n\u00e5gon supervarm sommar 2016 \ud83d\ude09 . Tiden i mitten av Augusti brukar ju annars den med vara en vacker tid.<\/p>\n","protected":false},"excerpt":{"rendered":"<p>En h\u00e4rlig sak med att vara f\u00f6r\u00e4ldraledig \u00e4r alla barnvagnspromenader och att man d\u00e5 har m\u00f6jlighet att se \u00e5rstidernas skiftningar mer \u00e4n d\u00e5 man \u00e4r p\u00e5 ett kontor hela dagarna. Nu \u00e4r det riktigt h\u00f6stigt ute. Jag brukar s\u00e4ga till &hellip; <a href=\"http:\/\/karin.stampis.com\/blog\/?p=20959\">Continue reading <span class=\"meta-nav\">&rarr;<\/span><\/a><\/p>\n","protected":false},"author":1,"featured_media":0,"comment_status":"open","ping_status":"open","sticky":false,"template":"","format":"standard","meta":{"footnotes":""},"categories":[389,412],"tags":[16,416],"class_list":["post-20959","post","type-post","status-publish","format-standard","hentry","category-389","category-oktober-2016","tag-host","tag-hostfoto"],"_links":{"self":[{"href":"http:\/\/karin.stampis.com\/blog\/index.php?rest_route=\/wp\/v2\/posts\/20959","targetHints":{"allow":["GET"]}}],"collection":[{"href":"http:\/\/karin.stampis.com\/blog\/index.php?rest_route=\/wp\/v2\/posts"}],"about":[{"href":"http:\/\/karin.stampis.com\/blog\/index.php?rest_route=\/wp\/v2\/types\/post"}],"author":[{"embeddable":true,"href":"http:\/\/karin.stampis.com\/blog\/index.php?rest_route=\/wp\/v2\/users\/1"}],"replies":[{"embeddable":true,"href":"http:\/\/karin.stampis.com\/blog\/index.php?rest_route=%2Fwp%2Fv2%2Fcomments&post=20959"}],"version-history":[{"count":10,"href":"http:\/\/karin.stampis.com\/blog\/index.php?rest_route=\/wp\/v2\/posts\/20959\/revisions"}],"predecessor-version":[{"id":20974,"href":"http:\/\/karin.stampis.com\/blog\/index.php?rest_route=\/wp\/v2\/posts\/20959\/revisions\/20974"}],"wp:attachment":[{"href":"http:\/\/karin.stampis.com\/blog\/index.php?rest_route=%2Fwp%2Fv2%2Fmedia&parent=20959"}],"wp:term":[{"taxonomy":"category","embeddable":true,"href":"http:\/\/karin.stampis.com\/blog\/index.php?rest_route=%2Fwp%2Fv2%2Fcategories&post=20959"},{"taxonomy":"post_tag","embeddable":true,"href":"http:\/\/karin.stampis.com\/blog\/index.php?rest_route=%2Fwp%2Fv2%2Ftags&post=20959"}],"curies":[{"name":"wp","href":"https:\/\/api.w.org\/{rel}","templated":true}]}}