{"id":20994,"date":"2016-10-22T07:11:58","date_gmt":"2016-10-22T06:11:58","guid":{"rendered":"http:\/\/karin.stampis.com\/blog\/?p=20994"},"modified":"2016-10-21T19:32:56","modified_gmt":"2016-10-21T18:32:56","slug":"var-store-lille-kille","status":"publish","type":"post","link":"http:\/\/karin.stampis.com\/blog\/?p=20994","title":{"rendered":"V\u00e5r store lille kille"},"content":{"rendered":"<div id=\":b0.ma\" class=\"Mu SP\" data-tooltip=\"October 21, 2016 at 11:49:58 AM UTC+2\"><span id=\":b0.co\" class=\"tL8wMe EMoHub\" dir=\"ltr\">Ig\u00e5r var Viktor p\u00e5 2-m\u00e5naders BVC-bes\u00f6k. Han v\u00e4gde 7.685 kg och var 64.5 cm,\u00a0vilket \u00e4r ungef\u00e4r p\u00e5 +3 kurvan i l\u00e4ngd och n\u00e5gonstans runt\u00a0+3.5 p\u00e5 vikt (det saknas kurvor\u00a0f\u00f6r s\u00e5 h\u00f6ga v\u00e4rden&#8230;). P\u00e5 huvudomf\u00e5ng \u00e4r han &#8220;bara&#8221; p\u00e5 +2 kurvan. Medianvikten f\u00f6r 6-m\u00e5naderskillar \u00e4r 8 kg. Om man ska j\u00e4mf\u00f6ra med storebror, som \u00e4nd\u00e5 var en r\u00e4tt s\u00e5 stor bebis, s\u00e5\u00a0<\/span><span id=\":b0.co\" class=\"tL8wMe EMoHub\" dir=\"ltr\">v\u00e4gde han 6.2 kg och var 62 cm d\u00e5 han var 2 m\u00e5nader &#8211; vid 4 m\u00e5naders \u00e5lder v\u00e4gde Alfred som Viktor g\u00f6r nu.\u00a0<\/span><\/div>\n<div class=\"Mu SP\" data-tooltip=\"October 21, 2016 at 11:49:58 AM UTC+2\"><\/div>\n<div class=\"Mu SP\" data-tooltip=\"October 21, 2016 at 11:49:58 AM UTC+2\">N\u00e5v\u00e4l, tillv\u00e4xtkurvorna \u00e4r inte helt relevanta, d\u00e5 de \u00e4r mer baserade p\u00e5 barn som f\u00e5r mj\u00f6lk-ers\u00e4ttning. Efter ett halv\u00e5r brukar tillv\u00e4xten sjunka f\u00f6r ammande barn i relation till kurvan. Han kommer nog alltid vara en stor grabb (det finns ju gener f\u00f6r det&#8230;) men kanske inte s\u00e5 stor\u00a0-+3SD som 18-\u00e5ring motsvarar 2 meter och 105 kg :p . S\u00e5 storebror f\u00e5r mucka lagom med honom, f\u00f6r om n\u00e5gra \u00e5r \u00e4r han kanske st\u00f6rre och kan h\u00e4mnas :p .<\/div>\n<p><a href=\"http:\/\/karin.stampis.com\/blog\/wp-content\/uploads\/2016\/10\/DSC_0871.jpg\"><img loading=\"lazy\" decoding=\"async\" class=\"aligncenter size-full wp-image-20995\" src=\"http:\/\/karin.stampis.com\/blog\/wp-content\/uploads\/2016\/10\/DSC_0871.jpg\" alt=\"dsc_0871\" width=\"427\" height=\"600\" srcset=\"http:\/\/karin.stampis.com\/blog\/wp-content\/uploads\/2016\/10\/DSC_0871.jpg 427w, http:\/\/karin.stampis.com\/blog\/wp-content\/uploads\/2016\/10\/DSC_0871-256x360.jpg 256w\" sizes=\"auto, (max-width: 427px) 100vw, 427px\" \/><\/a><\/p>\n","protected":false},"excerpt":{"rendered":"<p>Ig\u00e5r var Viktor p\u00e5 2-m\u00e5naders BVC-bes\u00f6k. Han v\u00e4gde 7.685 kg och var 64.5 cm,\u00a0vilket \u00e4r ungef\u00e4r p\u00e5 +3 kurvan i l\u00e4ngd och n\u00e5gonstans runt\u00a0+3.5 p\u00e5 vikt (det saknas kurvor\u00a0f\u00f6r s\u00e5 h\u00f6ga v\u00e4rden&#8230;). P\u00e5 huvudomf\u00e5ng \u00e4r han &#8220;bara&#8221; p\u00e5 +2 kurvan. &hellip; <a href=\"http:\/\/karin.stampis.com\/blog\/?p=20994\">Continue reading <span class=\"meta-nav\">&rarr;<\/span><\/a><\/p>\n","protected":false},"author":1,"featured_media":0,"comment_status":"open","ping_status":"open","sticky":false,"template":"","format":"standard","meta":{"footnotes":""},"categories":[389,412,410],"tags":[],"class_list":["post-20994","post","type-post","status-publish","format-standard","hentry","category-389","category-oktober-2016","category-viktor"],"_links":{"self":[{"href":"http:\/\/karin.stampis.com\/blog\/index.php?rest_route=\/wp\/v2\/posts\/20994","targetHints":{"allow":["GET"]}}],"collection":[{"href":"http:\/\/karin.stampis.com\/blog\/index.php?rest_route=\/wp\/v2\/posts"}],"about":[{"href":"http:\/\/karin.stampis.com\/blog\/index.php?rest_route=\/wp\/v2\/types\/post"}],"author":[{"embeddable":true,"href":"http:\/\/karin.stampis.com\/blog\/index.php?rest_route=\/wp\/v2\/users\/1"}],"replies":[{"embeddable":true,"href":"http:\/\/karin.stampis.com\/blog\/index.php?rest_route=%2Fwp%2Fv2%2Fcomments&post=20994"}],"version-history":[{"count":4,"href":"http:\/\/karin.stampis.com\/blog\/index.php?rest_route=\/wp\/v2\/posts\/20994\/revisions"}],"predecessor-version":[{"id":20999,"href":"http:\/\/karin.stampis.com\/blog\/index.php?rest_route=\/wp\/v2\/posts\/20994\/revisions\/20999"}],"wp:attachment":[{"href":"http:\/\/karin.stampis.com\/blog\/index.php?rest_route=%2Fwp%2Fv2%2Fmedia&parent=20994"}],"wp:term":[{"taxonomy":"category","embeddable":true,"href":"http:\/\/karin.stampis.com\/blog\/index.php?rest_route=%2Fwp%2Fv2%2Fcategories&post=20994"},{"taxonomy":"post_tag","embeddable":true,"href":"http:\/\/karin.stampis.com\/blog\/index.php?rest_route=%2Fwp%2Fv2%2Ftags&post=20994"}],"curies":[{"name":"wp","href":"https:\/\/api.w.org\/{rel}","templated":true}]}}