{"id":210,"date":"2008-10-26T11:40:09","date_gmt":"2008-10-26T09:40:09","guid":{"rendered":"http:\/\/karin.stampis.com\/blog\/?p=210"},"modified":"2009-01-01T19:55:21","modified_gmt":"2009-01-01T17:55:21","slug":"vadret-idag-och-i-framtiden","status":"publish","type":"post","link":"http:\/\/karin.stampis.com\/blog\/?p=210","title":{"rendered":"V\u00e4dret idag och i framtiden&#8230;"},"content":{"rendered":"<p>Ig\u00e5r var det fint v\u00e4der, men idag bara vr\u00e4ker regnet ner&#8230;<\/p>\n<p>Men det g\u00f6r inte s\u00e5 mycket &#8211; har \u00e4nd\u00e5 endel att fixa hemma. Plus att det ser ut som jag f\u00e5r lite sol och v\u00e4rme snart \ud83d\ude00 . Kolla in denna prognosen:<\/p>\n<p><a href=\"http:\/\/karin.stampis.com\/blog\/wp-content\/uploads\/2008\/10\/untitled-11.jpg\"><img loading=\"lazy\" decoding=\"async\" class=\"alignnone size-medium wp-image-219\" title=\"untitled-11\" src=\"http:\/\/karin.stampis.com\/blog\/wp-content\/uploads\/2008\/10\/untitled-11-300x143.jpg\" alt=\"\" width=\"381\" height=\"180\" \/><\/a><\/p>\n<p>Okej att jag inte kommer ha n\u00e5gon tid att vara ute och sola, men det \u00e4r ju g\u00f6tt i vilket fall \ud83d\ude42 . Och solen \u00e4r uppe \u00e4nda tills 20.30 p\u00e5 kv\u00e4llen! \ud83d\ude42<\/p>\n","protected":false},"excerpt":{"rendered":"<p>Ig\u00e5r var det fint v\u00e4der, men idag bara vr\u00e4ker regnet ner&#8230; Men det g\u00f6r inte s\u00e5 mycket &#8211; har \u00e4nd\u00e5 endel att fixa hemma. Plus att det ser ut som jag f\u00e5r lite sol och v\u00e4rme snart \ud83d\ude00 . Kolla &hellip; <a href=\"http:\/\/karin.stampis.com\/blog\/?p=210\">Continue reading <span class=\"meta-nav\">&rarr;<\/span><\/a><\/p>\n","protected":false},"author":1,"featured_media":0,"comment_status":"open","ping_status":"open","sticky":false,"template":"","format":"standard","meta":{"footnotes":""},"categories":[5],"tags":[49,48],"class_list":["post-210","post","type-post","status-publish","format-standard","hentry","category-oktober-2008","tag-argentina","tag-vadret"],"_links":{"self":[{"href":"http:\/\/karin.stampis.com\/blog\/index.php?rest_route=\/wp\/v2\/posts\/210","targetHints":{"allow":["GET"]}}],"collection":[{"href":"http:\/\/karin.stampis.com\/blog\/index.php?rest_route=\/wp\/v2\/posts"}],"about":[{"href":"http:\/\/karin.stampis.com\/blog\/index.php?rest_route=\/wp\/v2\/types\/post"}],"author":[{"embeddable":true,"href":"http:\/\/karin.stampis.com\/blog\/index.php?rest_route=\/wp\/v2\/users\/1"}],"replies":[{"embeddable":true,"href":"http:\/\/karin.stampis.com\/blog\/index.php?rest_route=%2Fwp%2Fv2%2Fcomments&post=210"}],"version-history":[{"count":8,"href":"http:\/\/karin.stampis.com\/blog\/index.php?rest_route=\/wp\/v2\/posts\/210\/revisions"}],"predecessor-version":[{"id":1028,"href":"http:\/\/karin.stampis.com\/blog\/index.php?rest_route=\/wp\/v2\/posts\/210\/revisions\/1028"}],"wp:attachment":[{"href":"http:\/\/karin.stampis.com\/blog\/index.php?rest_route=%2Fwp%2Fv2%2Fmedia&parent=210"}],"wp:term":[{"taxonomy":"category","embeddable":true,"href":"http:\/\/karin.stampis.com\/blog\/index.php?rest_route=%2Fwp%2Fv2%2Fcategories&post=210"},{"taxonomy":"post_tag","embeddable":true,"href":"http:\/\/karin.stampis.com\/blog\/index.php?rest_route=%2Fwp%2Fv2%2Ftags&post=210"}],"curies":[{"name":"wp","href":"https:\/\/api.w.org\/{rel}","templated":true}]}}